{"id":1014,"date":"2010-09-02T10:25:01","date_gmt":"2010-09-02T09:25:01","guid":{"rendered":"http:\/\/www.thorstenfaas.de\/?p=1014"},"modified":"2010-09-02T10:25:49","modified_gmt":"2010-09-02T09:25:49","slug":"umfrage-ba-wu","status":"publish","type":"post","link":"https:\/\/www.thorstenfaas.de\/?p=1014","title":{"rendered":"Umfrage Ba-W\u00fc"},"content":{"rendered":"<p><a href=\"http:\/\/www.thorstenfaas.de\/wp-content\/uploads\/2010\/09\/swr1.jpg\"><img decoding=\"async\" src=\"http:\/\/www.thorstenfaas.de\/wp-content\/uploads\/2010\/09\/swr1.jpg\" alt=\"\" title=\"swr1\" width=\"150\" class=\"alignnone size-full wp-image-1015\" \/><\/a>Eine aktuelle Forsa-Umfrage sieht die Gr\u00fcnen bei 24 Prozent, die SPD ebenfalls, CDU bei 37 Prozent. Dazu Stuttgart21. Das muss eingeordnet werden f\u00fcr die SWR1-H\u00f6rer: <a href='http:\/\/www.thorstenfaas.de\/wp-content\/uploads\/2010\/09\/SWR1-Mitschnitt-Interview-Prof.-Faas.mp3'>MP3<\/a>.<\/p>\n","protected":false},"excerpt":{"rendered":"<p>Eine aktuelle Forsa-Umfrage sieht die Gr\u00fcnen bei 24 Prozent, die SPD ebenfalls, CDU bei 37 Prozent. Dazu Stuttgart21. Das muss eingeordnet werden f\u00fcr die SWR1-H\u00f6rer: MP3.<\/p>\n","protected":false},"author":2,"featured_media":0,"comment_status":"open","ping_status":"open","sticky":false,"template":"","format":"standard","meta":{"footnotes":""},"categories":[62],"tags":[],"class_list":["post-1014","post","type-post","status-publish","format-standard","hentry","category-medien"],"_links":{"self":[{"href":"https:\/\/www.thorstenfaas.de\/index.php?rest_route=\/wp\/v2\/posts\/1014","targetHints":{"allow":["GET"]}}],"collection":[{"href":"https:\/\/www.thorstenfaas.de\/index.php?rest_route=\/wp\/v2\/posts"}],"about":[{"href":"https:\/\/www.thorstenfaas.de\/index.php?rest_route=\/wp\/v2\/types\/post"}],"author":[{"embeddable":true,"href":"https:\/\/www.thorstenfaas.de\/index.php?rest_route=\/wp\/v2\/users\/2"}],"replies":[{"embeddable":true,"href":"https:\/\/www.thorstenfaas.de\/index.php?rest_route=%2Fwp%2Fv2%2Fcomments&post=1014"}],"version-history":[{"count":0,"href":"https:\/\/www.thorstenfaas.de\/index.php?rest_route=\/wp\/v2\/posts\/1014\/revisions"}],"wp:attachment":[{"href":"https:\/\/www.thorstenfaas.de\/index.php?rest_route=%2Fwp%2Fv2%2Fmedia&parent=1014"}],"wp:term":[{"taxonomy":"category","embeddable":true,"href":"https:\/\/www.thorstenfaas.de\/index.php?rest_route=%2Fwp%2Fv2%2Fcategories&post=1014"},{"taxonomy":"post_tag","embeddable":true,"href":"https:\/\/www.thorstenfaas.de\/index.php?rest_route=%2Fwp%2Fv2%2Ftags&post=1014"}],"curies":[{"name":"wp","href":"https:\/\/api.w.org\/{rel}","templated":true}]}}