{"id":1061,"date":"2010-11-06T11:42:15","date_gmt":"2010-11-06T10:42:15","guid":{"rendered":"http:\/\/www.thorstenfaas.de\/?p=1061"},"modified":"2010-11-06T11:43:01","modified_gmt":"2010-11-06T10:43:01","slug":"uber-den-aufstieg-der-grunen","status":"publish","type":"post","link":"https:\/\/www.thorstenfaas.de\/?p=1061","title":{"rendered":"\u00dcber den Aufstieg der Gr\u00fcnen"},"content":{"rendered":"<p><a href=\"http:\/\/www.thorstenfaas.de\/wp-content\/uploads\/2010\/11\/dwelle.jpeg\"><img decoding=\"async\" src=\"http:\/\/www.thorstenfaas.de\/wp-content\/uploads\/2010\/11\/dwelle.jpeg\" alt=\"\" title=\"dwelle\" width=\"60\" class=\"alignleft size-full wp-image-1062\" \/><\/a>\u00dcber den derzeitigen H\u00f6henflug der Gr\u00fcnen in den Umfragen habe ich gestern mit der Deutschen Welle gesprochen. Das komplette Interview gibt es hier als <a href='http:\/\/www.thorstenfaas.de\/wp-content\/uploads\/2010\/11\/dwelle_gruene.mp3'>MP3<\/a>. Weitere Informationen zur Sendung gibt es <a href=\"http:\/\/www.dw-world.de\/dw\/episode\/0,,6154223,00.html\">hier<\/a>. <\/p>\n","protected":false},"excerpt":{"rendered":"<p>\u00dcber den derzeitigen H\u00f6henflug der Gr\u00fcnen in den Umfragen habe ich gestern mit der Deutschen Welle gesprochen. Das komplette Interview gibt es hier als MP3. Weitere Informationen zur Sendung gibt es hier.<\/p>\n","protected":false},"author":2,"featured_media":0,"comment_status":"open","ping_status":"open","sticky":false,"template":"","format":"standard","meta":{"footnotes":""},"categories":[62],"tags":[],"class_list":["post-1061","post","type-post","status-publish","format-standard","hentry","category-medien"],"_links":{"self":[{"href":"https:\/\/www.thorstenfaas.de\/index.php?rest_route=\/wp\/v2\/posts\/1061","targetHints":{"allow":["GET"]}}],"collection":[{"href":"https:\/\/www.thorstenfaas.de\/index.php?rest_route=\/wp\/v2\/posts"}],"about":[{"href":"https:\/\/www.thorstenfaas.de\/index.php?rest_route=\/wp\/v2\/types\/post"}],"author":[{"embeddable":true,"href":"https:\/\/www.thorstenfaas.de\/index.php?rest_route=\/wp\/v2\/users\/2"}],"replies":[{"embeddable":true,"href":"https:\/\/www.thorstenfaas.de\/index.php?rest_route=%2Fwp%2Fv2%2Fcomments&post=1061"}],"version-history":[{"count":0,"href":"https:\/\/www.thorstenfaas.de\/index.php?rest_route=\/wp\/v2\/posts\/1061\/revisions"}],"wp:attachment":[{"href":"https:\/\/www.thorstenfaas.de\/index.php?rest_route=%2Fwp%2Fv2%2Fmedia&parent=1061"}],"wp:term":[{"taxonomy":"category","embeddable":true,"href":"https:\/\/www.thorstenfaas.de\/index.php?rest_route=%2Fwp%2Fv2%2Fcategories&post=1061"},{"taxonomy":"post_tag","embeddable":true,"href":"https:\/\/www.thorstenfaas.de\/index.php?rest_route=%2Fwp%2Fv2%2Ftags&post=1061"}],"curies":[{"name":"wp","href":"https:\/\/api.w.org\/{rel}","templated":true}]}}