{"id":1071,"date":"2010-11-16T11:10:41","date_gmt":"2010-11-16T10:10:41","guid":{"rendered":"http:\/\/www.thorstenfaas.de\/?p=1071"},"modified":"2010-11-16T11:12:02","modified_gmt":"2010-11-16T10:12:02","slug":"wahlstudie-baden-wurttemberg-2011","status":"publish","type":"post","link":"https:\/\/www.thorstenfaas.de\/?p=1071","title":{"rendered":"Wahlstudie Baden-W\u00fcrttemberg 2011"},"content":{"rendered":"<p><a href=\"http:\/\/www.thorstenfaas.de\/wp-content\/uploads\/2010\/11\/Wahlstudie-Baden-W\u00fcrttemberg-2011.jpg\"><img loading=\"lazy\" decoding=\"async\" src=\"http:\/\/www.thorstenfaas.de\/wp-content\/uploads\/2010\/11\/Wahlstudie-Baden-W\u00fcrttemberg-2011.jpg\" alt=\"\" title=\"Wahlstudie Baden-W\u00fcrttemberg 2011\" width=\"163\" height=\"49\" style=\"border: solid 1px #AAAAAA\"  class=\"alignleft size-full wp-image-1076\" \/><\/a>Die Universit\u00e4t Mannheim hat heute folgende Presseinformation (hier als <a href='http:\/\/www.thorstenfaas.de\/wp-content\/uploads\/2010\/11\/11_16_mzes_wahlstudie_baden_warttemberg.pdf'>PDF<\/a>) herausgegeben: <\/p>\n<p>Kostet \u201eStuttgart 21\u201c Ministerpr\u00e4sident Stefan Mappus das Amt? \u00dcberholen die baden-w\u00fcrttembergischen Gr\u00fcnen tats\u00e4chlich die SPD? Wie viele Menschen werden sich am 27. M\u00e4rz an der Landtagswahl beteiligen \u2013 und warum? Dies sind nur einige der Fragen, die im Mittelpunkt der \u201eWahlstudie Baden-W\u00fcrttemberg 2011\u201c stehen. Der Politikwissenschaftler Prof. Dr. Thorsten Faas leitet diese gro\u00df angelegte akademische Studie am Mannheimer Zentrum f\u00fcr Europ\u00e4ische Sozialforschung (MZES) der Universit\u00e4t Mannheim.<\/p>\n<p>\u201eBei Wahlen gibt es immer weniger Selbstverst\u00e4ndlichkeiten\u201c, sagt Juniorprofessor Faas. \u201eDies gilt sowohl mit Blick auf die Beteiligung als auch die Entscheidung f\u00fcr die eine oder andere Partei.\u201c An dieser Stelle setzen die Wissenschaftler des MZES an. Ab sofort analysieren sie das Informationsverhalten, die Meinungsbildung und letztlich die Entscheidungsfindung der B\u00fcrger in Baden-W\u00fcrttemberg bis zum Wahltag im M\u00e4rz des kommenden Jahres.<\/p>\n<p><!--more-->Um Ver\u00e4nderungs- und Kristallisationsprozesse in der \u00f6ffentlichen Meinung so detailliert wie m\u00f6glich untersuchen zu k\u00f6nnen, nutzen die Wissenschaftler ein Forschungsdesign, das weltweit bislang nur bei der US-amerikanischen Pr\u00e4sidentschaftswahl 2008 zum Einsatz gekommen ist. 4.000 B\u00fcrger werden im November und Dezember 2010 via Internet vom Meinungsforschungsinstitut YouGovPsychonomics befragt. \u201eSo erfassen wir die Ausgangslage vor der hei\u00dfen Phase des Wahlkampfs\u201c, sagt Faas. Die Personen werden in den Wochen vor der Wahl noch weitere drei Mal befragt. Zugleich ist sichergestellt, dass in der hei\u00dfen Phase des Wahlkampfs Tag f\u00fcr Tag neue Daten erhoben werden. \u201eSo k\u00f6nnen wir sowohl f\u00fcr einzelne Wahlberechtigte als auch f\u00fcr die W\u00e4hler in Baden-W\u00fcrttemberg insgesamt verfolgen, was sie \u00fcber den Wahlkampf erfahren, wie sie mit diesen Informationen umgehen und wie sie sich dann letztlich entscheiden\u201c, erl\u00e4utert Faas.<\/p>\n<p>Die Wissenschaftler des MZES sehen ihre Studie nicht als Konkurrenz, sondern als Erg\u00e4nzung zur kommerziellen Umfrageforschung. \u201eUns geht es weniger darum, welche Partei heute vielleicht ein halbes Prozent mehr oder weniger bek\u00e4me. Wir wollen die Trends und Bewegungen in der \u00f6ffentlichen Meinung und insbesondere ihre Hintergr\u00fcnde sichtbar machen\u201c, betont Thorsten Faas. Es sei gut m\u00f6glich, dass beispielsweise das Projekt \u201eStuttgart 21\u201c die Wahl entscheidet. \u201eWir werden daher genau verfolgen, wie sich die Bedeutung des Themas und insbesondere die Haltung der W\u00e4hlerschaft hierzu bis zum M\u00e4rz 2011 entwickelt\u201c. Ergebnisse der ersten Erhebungswelle sollen im Dezember 2010 vorliegen.<\/p>\n<p>Die Wahl- und W\u00e4hlerforschung am MZES befasst sich bereits intensiv und kontinuierlich mit Studien zu Europa- und Bundestagswahlen. So ist Thorsten Faas gemeinsam mit Mannheimer Kollegen und Wissenschaftlern weiterer Universit\u00e4ten auch an der umfassendsten Deutschen Bundestagswahlstudie, der \u201eGerman Longitudinal Election Study\u201c (GLES), beteiligt. Allerdings sei es wichtig, die akademische Wahlforschung nicht auf Bundestagswahlen zu verengen, erkl\u00e4rt Faas, \u201edenn Ver\u00e4nderungen des Wahlprozesses in Deutschland, etwa die sinkende Wahlbeteiligung oder der steigende Anteil von Wechselw\u00e4hlern, treten gerade bei Landtagswahlen besonders deutlich zu Tage\u201c. Auch die Ver\u00e4nderungen in Folge der F\u00f6deralismusreform und die damit verbundene steigende Bedeutung von Landespolitik machten Landtagswahlen nicht nur f\u00fcr die Wissenschaft immer wichtiger. \u201eMit der Wahlstudie Baden-W\u00fcrttemberg wollen wir einen ersten Schritt machen, um diese bestehende L\u00fccke in der akademischen Wahlforschung zu schlie\u00dfen\u201c, so der Politikwissenschaftler.<\/p>\n<p>Die Wahlstudie Baden-W\u00fcrttemberg 2011 wird finanziert durch das Juniorprofessorenprogramm des Landes Baden-W\u00fcrttemberg.<\/p>\n","protected":false},"excerpt":{"rendered":"<p>Die Universit\u00e4t Mannheim hat heute folgende Presseinformation (hier als PDF) herausgegeben: Kostet \u201eStuttgart 21\u201c Ministerpr\u00e4sident Stefan Mappus das Amt? \u00dcberholen die baden-w\u00fcrttembergischen Gr\u00fcnen tats\u00e4chlich die SPD? Wie viele Menschen werden sich am 27. M\u00e4rz an der Landtagswahl beteiligen \u2013 und warum? Dies sind nur einige der Fragen, die im Mittelpunkt der \u201eWahlstudie Baden-W\u00fcrttemberg 2011\u201c stehen. [&hellip;]<\/p>\n","protected":false},"author":2,"featured_media":0,"comment_status":"open","ping_status":"open","sticky":false,"template":"","format":"standard","meta":{"footnotes":""},"categories":[61,37,19,9],"tags":[],"class_list":["post-1071","post","type-post","status-publish","format-standard","hentry","category-landtagswahl","category-projekte","category-wahlforschung","category-zur-person"],"_links":{"self":[{"href":"https:\/\/www.thorstenfaas.de\/index.php?rest_route=\/wp\/v2\/posts\/1071","targetHints":{"allow":["GET"]}}],"collection":[{"href":"https:\/\/www.thorstenfaas.de\/index.php?rest_route=\/wp\/v2\/posts"}],"about":[{"href":"https:\/\/www.thorstenfaas.de\/index.php?rest_route=\/wp\/v2\/types\/post"}],"author":[{"embeddable":true,"href":"https:\/\/www.thorstenfaas.de\/index.php?rest_route=\/wp\/v2\/users\/2"}],"replies":[{"embeddable":true,"href":"https:\/\/www.thorstenfaas.de\/index.php?rest_route=%2Fwp%2Fv2%2Fcomments&post=1071"}],"version-history":[{"count":0,"href":"https:\/\/www.thorstenfaas.de\/index.php?rest_route=\/wp\/v2\/posts\/1071\/revisions"}],"wp:attachment":[{"href":"https:\/\/www.thorstenfaas.de\/index.php?rest_route=%2Fwp%2Fv2%2Fmedia&parent=1071"}],"wp:term":[{"taxonomy":"category","embeddable":true,"href":"https:\/\/www.thorstenfaas.de\/index.php?rest_route=%2Fwp%2Fv2%2Fcategories&post=1071"},{"taxonomy":"post_tag","embeddable":true,"href":"https:\/\/www.thorstenfaas.de\/index.php?rest_route=%2Fwp%2Fv2%2Ftags&post=1071"}],"curies":[{"name":"wp","href":"https:\/\/api.w.org\/{rel}","templated":true}]}}