{"id":1180,"date":"2011-03-01T15:45:18","date_gmt":"2011-03-01T14:45:18","guid":{"rendered":"http:\/\/www.thorstenfaas.de\/?p=1180"},"modified":"2011-03-01T15:47:30","modified_gmt":"2011-03-01T14:47:30","slug":"dradio-wissen-ii","status":"publish","type":"post","link":"https:\/\/www.thorstenfaas.de\/?p=1180","title":{"rendered":"DRadio Wissen, II."},"content":{"rendered":"<p><a href=\"http:\/\/www.thorstenfaas.de\/wp-content\/uploads\/2011\/02\/dradio_wissen.png\"><img decoding=\"async\" src=\"http:\/\/www.thorstenfaas.de\/wp-content\/uploads\/2011\/02\/dradio_wissen.png\" alt=\"\" title=\"dradio_wissen\" width=\"200\" class=\"alignleft size-full wp-image-1163\" srcset=\"https:\/\/www.thorstenfaas.de\/wp-content\/uploads\/2011\/02\/dradio_wissen.png 302w, https:\/\/www.thorstenfaas.de\/wp-content\/uploads\/2011\/02\/dradio_wissen-300x63.png 300w\" sizes=\"(max-width: 302px) 100vw, 302px\" \/><\/a>Der R\u00fccktritt von Karl-Theodor zu Guttenberg ist das Thema des Tages, bei DRadio Wissen habe ich einige Einsch\u00e4tzungen dazu, auch mit Blick auf die Wahl in Baden-W\u00fcrttemberg, abgegeben. Das Interview gibt es <a href=\"http:\/\/ondemand-mp3.dradio.de\/file\/dradio\/2011\/03\/01\/drw_201103011205_agenda_gespraech_mit_thorsten_faa_36caadcb.mp3\">hier als MP3<\/a>.<\/p>\n","protected":false},"excerpt":{"rendered":"<p>Der R\u00fccktritt von Karl-Theodor zu Guttenberg ist das Thema des Tages, bei DRadio Wissen habe ich einige Einsch\u00e4tzungen dazu, auch mit Blick auf die Wahl in Baden-W\u00fcrttemberg, abgegeben. Das Interview gibt es hier als MP3.<\/p>\n","protected":false},"author":2,"featured_media":0,"comment_status":"open","ping_status":"open","sticky":false,"template":"","format":"standard","meta":{"footnotes":""},"categories":[62],"tags":[],"class_list":["post-1180","post","type-post","status-publish","format-standard","hentry","category-medien"],"_links":{"self":[{"href":"https:\/\/www.thorstenfaas.de\/index.php?rest_route=\/wp\/v2\/posts\/1180","targetHints":{"allow":["GET"]}}],"collection":[{"href":"https:\/\/www.thorstenfaas.de\/index.php?rest_route=\/wp\/v2\/posts"}],"about":[{"href":"https:\/\/www.thorstenfaas.de\/index.php?rest_route=\/wp\/v2\/types\/post"}],"author":[{"embeddable":true,"href":"https:\/\/www.thorstenfaas.de\/index.php?rest_route=\/wp\/v2\/users\/2"}],"replies":[{"embeddable":true,"href":"https:\/\/www.thorstenfaas.de\/index.php?rest_route=%2Fwp%2Fv2%2Fcomments&post=1180"}],"version-history":[{"count":0,"href":"https:\/\/www.thorstenfaas.de\/index.php?rest_route=\/wp\/v2\/posts\/1180\/revisions"}],"wp:attachment":[{"href":"https:\/\/www.thorstenfaas.de\/index.php?rest_route=%2Fwp%2Fv2%2Fmedia&parent=1180"}],"wp:term":[{"taxonomy":"category","embeddable":true,"href":"https:\/\/www.thorstenfaas.de\/index.php?rest_route=%2Fwp%2Fv2%2Fcategories&post=1180"},{"taxonomy":"post_tag","embeddable":true,"href":"https:\/\/www.thorstenfaas.de\/index.php?rest_route=%2Fwp%2Fv2%2Ftags&post=1180"}],"curies":[{"name":"wp","href":"https:\/\/api.w.org\/{rel}","templated":true}]}}