{"id":1245,"date":"2011-03-26T19:43:14","date_gmt":"2011-03-26T18:43:14","guid":{"rendered":"http:\/\/www.thorstenfaas.de\/?p=1245"},"modified":"2011-03-26T19:43:14","modified_gmt":"2011-03-26T18:43:14","slug":"vorwahlklappe-die-letzte-ltwbw","status":"publish","type":"post","link":"https:\/\/www.thorstenfaas.de\/?p=1245","title":{"rendered":"Vorwahlklappe, die Letzte #ltwbw"},"content":{"rendered":"<p><a href=\"http:\/\/www.thorstenfaas.de\/wp-content\/uploads\/2011\/03\/suedkurier_gr.gif\"><img loading=\"lazy\" decoding=\"async\" src=\"http:\/\/www.thorstenfaas.de\/wp-content\/uploads\/2011\/03\/suedkurier_gr.gif\" alt=\"\" title=\"suedkurier_gr\" width=\"150\" height=\"47\" class=\"alignleft size-full wp-image-1247\" \/><\/a><a href=\"http:\/\/www.thorstenfaas.de\/wp-content\/uploads\/2011\/03\/zeit-online-gross.jpg\"><img loading=\"lazy\" decoding=\"async\" src=\"http:\/\/www.thorstenfaas.de\/wp-content\/uploads\/2011\/03\/zeit-online-gross.jpg\" alt=\"\" title=\"zeit-online-gross\" width=\"150\" height=\"47\" class=\"alignleft size-full wp-image-1248\" \/><\/a>Zwei allerletzte Einw\u00fcrfe noch vor den morgigen Landtagswahlen in Rheinland-Pfalz und vor allem in Baden-W\u00fcrttemberg:<\/p>\n<p><i>Ein <a href=\"http:\/\/www.zeit.de\/politik\/deutschland\/2011-03\/wahl-atomkraft-gastbeitrag\">Gastbeitrag bei ZEIT ONLINE<\/a> \u00fcber die Mechanismen, die wohl dazu f\u00fchren werden, dass die Wahl morgen durch das Thema Kernkraft entschieden wird<br \/>\nEin <a href=\"http:\/\/www.suedkurier.de\/news\/brennpunkte\/politik\/Warum-Waehler-wandern;art410924,4795909\">Beitrag von Gabriele Renz im S\u00fcdkurier<\/a> \u00fcber unsere Wahlstudie Baden-W\u00fcrttemberg<br \/>\n<\/i><br \/>\nBis morgen, 18 Uhr, haben nun die W\u00e4hler das Wort &#8211; dann kommen wir Wahlforscher wieder und k\u00f6nnen nat\u00fcrlich, wie auch immer das Ergebnis ausfallen wird, genau erkl\u00e4ren, warum es nur exakt so kommen konnte. \ud83d\ude09  Live zu sehen u.a. ab 20.15 im ZDF Infokanal oder auch hier bei <a href=\"http:\/\/www.login.zdf.de\/ZDFde\/inhalt\/0\/0,1872,8226272,00.html\">Wahl im Web<\/a>.<\/p>\n","protected":false},"excerpt":{"rendered":"<p>Zwei allerletzte Einw\u00fcrfe noch vor den morgigen Landtagswahlen in Rheinland-Pfalz und vor allem in Baden-W\u00fcrttemberg: Ein Gastbeitrag bei ZEIT ONLINE \u00fcber die Mechanismen, die wohl dazu f\u00fchren werden, dass die Wahl morgen durch das Thema Kernkraft entschieden wird Ein Beitrag von Gabriele Renz im S\u00fcdkurier \u00fcber unsere Wahlstudie Baden-W\u00fcrttemberg Bis morgen, 18 Uhr, haben nun [&hellip;]<\/p>\n","protected":false},"author":2,"featured_media":0,"comment_status":"open","ping_status":"open","sticky":false,"template":"","format":"standard","meta":{"footnotes":""},"categories":[62],"tags":[],"class_list":["post-1245","post","type-post","status-publish","format-standard","hentry","category-medien"],"_links":{"self":[{"href":"https:\/\/www.thorstenfaas.de\/index.php?rest_route=\/wp\/v2\/posts\/1245","targetHints":{"allow":["GET"]}}],"collection":[{"href":"https:\/\/www.thorstenfaas.de\/index.php?rest_route=\/wp\/v2\/posts"}],"about":[{"href":"https:\/\/www.thorstenfaas.de\/index.php?rest_route=\/wp\/v2\/types\/post"}],"author":[{"embeddable":true,"href":"https:\/\/www.thorstenfaas.de\/index.php?rest_route=\/wp\/v2\/users\/2"}],"replies":[{"embeddable":true,"href":"https:\/\/www.thorstenfaas.de\/index.php?rest_route=%2Fwp%2Fv2%2Fcomments&post=1245"}],"version-history":[{"count":0,"href":"https:\/\/www.thorstenfaas.de\/index.php?rest_route=\/wp\/v2\/posts\/1245\/revisions"}],"wp:attachment":[{"href":"https:\/\/www.thorstenfaas.de\/index.php?rest_route=%2Fwp%2Fv2%2Fmedia&parent=1245"}],"wp:term":[{"taxonomy":"category","embeddable":true,"href":"https:\/\/www.thorstenfaas.de\/index.php?rest_route=%2Fwp%2Fv2%2Fcategories&post=1245"},{"taxonomy":"post_tag","embeddable":true,"href":"https:\/\/www.thorstenfaas.de\/index.php?rest_route=%2Fwp%2Fv2%2Ftags&post=1245"}],"curies":[{"name":"wp","href":"https:\/\/api.w.org\/{rel}","templated":true}]}}