{"id":137,"date":"2009-03-18T10:05:40","date_gmt":"2009-03-18T09:05:40","guid":{"rendered":"http:\/\/www2.sowi.uni-mannheim.de\/faas\/tfwww\/?p=137"},"modified":"2009-03-18T10:07:41","modified_gmt":"2009-03-18T09:07:41","slug":"5-dusseldorfer-forum-politische-kommunikation-dfpk","status":"publish","type":"post","link":"https:\/\/www.thorstenfaas.de\/?p=137","title":{"rendered":"5. D\u00fcsseldorfer Forum Politische Kommunikation &#8211; DFPK"},"content":{"rendered":"<p><a href=\"http:\/\/www.thorstenfaas.de\/wp-content\/uploads\/2009\/03\/dfpk.jpg\"><img decoding=\"async\" class=\"alignnone size-medium wp-image-138\" title=\"dfpk\" src=\"http:\/\/www.thorstenfaas.de\/wp-content\/uploads\/2009\/03\/dfpk.jpg\" alt=\"\" width=\"150\" style=\"border: solid 1px #AAAAAA\" \/><\/a>Soeben ist die Einladung zum diesj\u00e4hrigen DFPK erschienen &#8211; hier die Infos:<br \/>\n<i>Sehr geehrte Damen und Herren,<\/p>\n<p>wir m\u00f6chten Sie hiermit herzlich einladen zum &#8222;5. D\u00fcsseldorfer Forum<br \/>\nPolitische Kommunikation (DFPK)&#8220;, das vom 03.-05. April 2009 in D\u00fcsseldorf stattfindet.<\/p>\n<p>Zentrales Thema des Forums ist das &#8222;Superwahljahr 2009&#8220; in Deutschland. In den n\u00e4chsten Monaten werden das EU-Parlament, der Bundestag, der Bundespr\u00e4sident und mehrere Landtage gew\u00e4hlt. Daher stellt sich die Frage, wie die politischen Akteure die W\u00e4hler angesichts dieser F\u00fclle von Voten f\u00fcr sich gewinnen wollen. Setzen die Parteien auf klassische Formen und Inhalte? Oder werden sie zu innovativen Mitteln greifen, wie es etwa US-Pr\u00e4sident Barack Obama erfolgreich vorgemacht hat?<\/p>\n<p>Professionalisierung, Personalisierung, Inszenierung und Emotionalisierung \u2013 mit diesen Schlagworten l\u00e4sst sich der US-Wahlkampf 2008 charakterisieren. Doch sind diese Strategien auch auf den deutschen Wahlkampf \u00fcbertragbar?<\/p>\n<p>Experten aus Politik, Wissenschaft und der Medienbranche werden diese Fragen beim 5. DFPK diskutieren. Die Podiumsdiskussion mit dem Thema &#8222;Superwahljahr 2009 \u2013 amerikanische Verh\u00e4ltnisse in Deutschland?&#8220; am 03. April 2009 um 19.30 Uhr im Palais Wittgenstein bildet damit den Auftakt des Forums.<\/p>\n<p>Alle weiteren Informationen gibt es unter www.dfpk.de<\/p>\n","protected":false},"excerpt":{"rendered":"<p>Soeben ist die Einladung zum diesj\u00e4hrigen DFPK erschienen &#8211; hier die Infos: Sehr geehrte Damen und Herren, wir m\u00f6chten Sie hiermit herzlich einladen zum &#8222;5. D\u00fcsseldorfer Forum Politische Kommunikation (DFPK)&#8220;, das vom 03.-05. April 2009 in D\u00fcsseldorf stattfindet. Zentrales Thema des Forums ist das &#8222;Superwahljahr 2009&#8220; in Deutschland. In den n\u00e4chsten Monaten werden das EU-Parlament, [&hellip;]<\/p>\n","protected":false},"author":2,"featured_media":0,"comment_status":"open","ping_status":"open","sticky":false,"template":"","format":"standard","meta":{"footnotes":""},"categories":[31,32],"tags":[],"class_list":["post-137","post","type-post","status-publish","format-standard","hentry","category-calls-profession","category-tagungen"],"_links":{"self":[{"href":"https:\/\/www.thorstenfaas.de\/index.php?rest_route=\/wp\/v2\/posts\/137","targetHints":{"allow":["GET"]}}],"collection":[{"href":"https:\/\/www.thorstenfaas.de\/index.php?rest_route=\/wp\/v2\/posts"}],"about":[{"href":"https:\/\/www.thorstenfaas.de\/index.php?rest_route=\/wp\/v2\/types\/post"}],"author":[{"embeddable":true,"href":"https:\/\/www.thorstenfaas.de\/index.php?rest_route=\/wp\/v2\/users\/2"}],"replies":[{"embeddable":true,"href":"https:\/\/www.thorstenfaas.de\/index.php?rest_route=%2Fwp%2Fv2%2Fcomments&post=137"}],"version-history":[{"count":0,"href":"https:\/\/www.thorstenfaas.de\/index.php?rest_route=\/wp\/v2\/posts\/137\/revisions"}],"wp:attachment":[{"href":"https:\/\/www.thorstenfaas.de\/index.php?rest_route=%2Fwp%2Fv2%2Fmedia&parent=137"}],"wp:term":[{"taxonomy":"category","embeddable":true,"href":"https:\/\/www.thorstenfaas.de\/index.php?rest_route=%2Fwp%2Fv2%2Fcategories&post=137"},{"taxonomy":"post_tag","embeddable":true,"href":"https:\/\/www.thorstenfaas.de\/index.php?rest_route=%2Fwp%2Fv2%2Ftags&post=137"}],"curies":[{"name":"wp","href":"https:\/\/api.w.org\/{rel}","templated":true}]}}