{"id":1427,"date":"2012-05-01T08:52:06","date_gmt":"2012-05-01T07:52:06","guid":{"rendered":"http:\/\/www.thorstenfaas.de\/?p=1427"},"modified":"2012-05-01T08:54:23","modified_gmt":"2012-05-01T07:54:23","slug":"demokratietour-startet-am-8-mai-an-der-uni-mannheim","status":"publish","type":"post","link":"https:\/\/www.thorstenfaas.de\/?p=1427","title":{"rendered":"#demokratietour startet am 8. Mai an der Uni Mannheim!"},"content":{"rendered":"<p>Die Staatsr\u00e4tin f\u00fcr Zivilgesellschaft und B\u00fcrgerbeteiligung des Landes Baden-W\u00fcrttemberg, Gisela Erler, geht auf #demokratietour. Besondere Ehre f\u00fcr uns in Mannheim und an der Uni Mannheim &#8211; Start ist in Mannheim! Am 8. Mai um 18.30 Uhr in A5, 6, Raum B144 der Universit\u00e4t Mannheim wird sich Frau Erler den Fragen der Mannheimerinnen und Mannheimer und der Studierenden der Uni Mannheim stellen. Kommen Sie vorbei und treten Sie in Dialog mit der Staatsr\u00e4tin! Wie soll unsere Demokratie ver\u00e4ndert und verbessert werden?<\/p>\n<p><iframe loading=\"lazy\" width=\"560\" height=\"315\" src=\"http:\/\/www.youtube.com\/embed\/jI_U-Zrc8d8\" frameborder=\"0\" allowfullscreen><\/iframe><\/p>\n<p>Fragen k\u00f6nnen auch schon jetzt vorab eingereicht werden unter <a href=\"http:\/\/www.facebook.com\/demokratietour\">www.facebook.com\/demokratietour<\/a> oder unter <a href=\"http:\/\/www.twitter.com\/demokratietour\">www.twitter.com\/demokratietour<\/a> (<a href=\"https:\/\/twitter.com\/#!\/search\/realtime\/demokratietour\">#demokratietour<\/a>).<\/p>\n","protected":false},"excerpt":{"rendered":"<p>Die Staatsr\u00e4tin f\u00fcr Zivilgesellschaft und B\u00fcrgerbeteiligung des Landes Baden-W\u00fcrttemberg, Gisela Erler, geht auf #demokratietour. Besondere Ehre f\u00fcr uns in Mannheim und an der Uni Mannheim &#8211; Start ist in Mannheim! Am 8. Mai um 18.30 Uhr in A5, 6, Raum B144 der Universit\u00e4t Mannheim wird sich Frau Erler den Fragen der Mannheimerinnen und Mannheimer und [&hellip;]<\/p>\n","protected":false},"author":2,"featured_media":0,"comment_status":"open","ping_status":"open","sticky":false,"template":"","format":"standard","meta":{"footnotes":""},"categories":[1],"tags":[],"class_list":["post-1427","post","type-post","status-publish","format-standard","hentry","category-allgemein"],"_links":{"self":[{"href":"https:\/\/www.thorstenfaas.de\/index.php?rest_route=\/wp\/v2\/posts\/1427","targetHints":{"allow":["GET"]}}],"collection":[{"href":"https:\/\/www.thorstenfaas.de\/index.php?rest_route=\/wp\/v2\/posts"}],"about":[{"href":"https:\/\/www.thorstenfaas.de\/index.php?rest_route=\/wp\/v2\/types\/post"}],"author":[{"embeddable":true,"href":"https:\/\/www.thorstenfaas.de\/index.php?rest_route=\/wp\/v2\/users\/2"}],"replies":[{"embeddable":true,"href":"https:\/\/www.thorstenfaas.de\/index.php?rest_route=%2Fwp%2Fv2%2Fcomments&post=1427"}],"version-history":[{"count":0,"href":"https:\/\/www.thorstenfaas.de\/index.php?rest_route=\/wp\/v2\/posts\/1427\/revisions"}],"wp:attachment":[{"href":"https:\/\/www.thorstenfaas.de\/index.php?rest_route=%2Fwp%2Fv2%2Fmedia&parent=1427"}],"wp:term":[{"taxonomy":"category","embeddable":true,"href":"https:\/\/www.thorstenfaas.de\/index.php?rest_route=%2Fwp%2Fv2%2Fcategories&post=1427"},{"taxonomy":"post_tag","embeddable":true,"href":"https:\/\/www.thorstenfaas.de\/index.php?rest_route=%2Fwp%2Fv2%2Ftags&post=1427"}],"curies":[{"name":"wp","href":"https:\/\/api.w.org\/{rel}","templated":true}]}}