{"id":1645,"date":"2012-11-02T17:08:27","date_gmt":"2012-11-02T16:08:27","guid":{"rendered":"http:\/\/www.thorstenfaas.de\/?p=1645"},"modified":"2012-11-02T17:08:27","modified_gmt":"2012-11-02T16:08:27","slug":"zeitonline-zwei-zeilen-zum-neuen-wahlrecht","status":"publish","type":"post","link":"https:\/\/www.thorstenfaas.de\/?p=1645","title":{"rendered":"ZeitOnline: Zwei Zeilen zum neuen Wahlrecht"},"content":{"rendered":"<p>Das Wahlrecht ist ja eigentlich seit 2005 ein Perpetuum Mobile&#8230; j\u00fcngst haben sich die Fraktionen im Deutschen Bundestag auf ein neues Wahlrecht verst\u00e4ndigt, das \u00dcberhangmandate zuk\u00fcnftig voll ausgleichen wird. Dass (und warum) dabei aber sogar noch mehr ausgeglichen wird, habe ich <a href=\"http:\/\/www.zeit.de\/politik\/deutschland\/2012-10\/neues-verfassungskonformes-wahlrecht\">in diesem Artikel f\u00fcr Zeit Online<\/a> diskutiert.<\/p>\n","protected":false},"excerpt":{"rendered":"<p>Das Wahlrecht ist ja eigentlich seit 2005 ein Perpetuum Mobile&#8230; j\u00fcngst haben sich die Fraktionen im Deutschen Bundestag auf ein neues Wahlrecht verst\u00e4ndigt, das \u00dcberhangmandate zuk\u00fcnftig voll ausgleichen wird. Dass (und warum) dabei aber sogar noch mehr ausgeglichen wird, habe ich in diesem Artikel f\u00fcr Zeit Online diskutiert.<\/p>\n","protected":false},"author":2,"featured_media":0,"comment_status":"closed","ping_status":"open","sticky":false,"template":"","format":"standard","meta":{"footnotes":""},"categories":[62],"tags":[],"class_list":["post-1645","post","type-post","status-publish","format-standard","hentry","category-medien"],"_links":{"self":[{"href":"https:\/\/www.thorstenfaas.de\/index.php?rest_route=\/wp\/v2\/posts\/1645","targetHints":{"allow":["GET"]}}],"collection":[{"href":"https:\/\/www.thorstenfaas.de\/index.php?rest_route=\/wp\/v2\/posts"}],"about":[{"href":"https:\/\/www.thorstenfaas.de\/index.php?rest_route=\/wp\/v2\/types\/post"}],"author":[{"embeddable":true,"href":"https:\/\/www.thorstenfaas.de\/index.php?rest_route=\/wp\/v2\/users\/2"}],"replies":[{"embeddable":true,"href":"https:\/\/www.thorstenfaas.de\/index.php?rest_route=%2Fwp%2Fv2%2Fcomments&post=1645"}],"version-history":[{"count":0,"href":"https:\/\/www.thorstenfaas.de\/index.php?rest_route=\/wp\/v2\/posts\/1645\/revisions"}],"wp:attachment":[{"href":"https:\/\/www.thorstenfaas.de\/index.php?rest_route=%2Fwp%2Fv2%2Fmedia&parent=1645"}],"wp:term":[{"taxonomy":"category","embeddable":true,"href":"https:\/\/www.thorstenfaas.de\/index.php?rest_route=%2Fwp%2Fv2%2Fcategories&post=1645"},{"taxonomy":"post_tag","embeddable":true,"href":"https:\/\/www.thorstenfaas.de\/index.php?rest_route=%2Fwp%2Fv2%2Ftags&post=1645"}],"curies":[{"name":"wp","href":"https:\/\/api.w.org\/{rel}","templated":true}]}}