{"id":1951,"date":"2014-02-18T17:27:16","date_gmt":"2014-02-18T16:27:16","guid":{"rendered":"http:\/\/www.thorstenfaas.de\/?p=1951"},"modified":"2014-02-18T17:27:16","modified_gmt":"2014-02-18T16:27:16","slug":"burgerbeteiligung-und-direkte-demokratie-in-bawu-neue-ergebnisse","status":"publish","type":"post","link":"https:\/\/www.thorstenfaas.de\/?p=1951","title":{"rendered":"B\u00fcrgerbeteiligung und Direkte Demokratie in BaW\u00fc: Neue Ergebnisse!"},"content":{"rendered":"<p>Im Rahmen des Forschungsprojektes \u201eB\u00fcrgerbeteiligung und Direkte Demokratie in Baden-W\u00fcrttemberg\u201d im Nachgang zur Volksabstimmung zu Stuttgart 21, welches die politischen Entwicklungen und Trends in Baden-W\u00fcrttemberg kontinuierlich begleitet, sind j\u00fcngst ein <a href=\"http:\/\/www.mzes.uni-mannheim.de\/projekte\/stuttgart21\/Buergerbeteiligung_Tabellenband2013.pdf\">Tabellenband<\/a> sowie eine dazugeh\u00f6rige <a href=\"http:\/\/www.mzes.uni-mannheim.de\/projekte\/stuttgart21\/Buergerbeteiligung_Chartsatz2013.pdf\">Pr\u00e4sentation<\/a> der letzten telefonischen Befragung (15.07.2013 bis 16.08.2013) erschienen.<\/p>\n<p>Die Ergebnisse zeigen: Auch knapp zwei Jahre nach der Volksabstimmung findet eine deutliche Mehrheit von \u00fcber 70 Prozent der Menschen in Baden-W\u00fcrttemberg es \u201egut\u201c oder \u201esehr gut\u201c, dass die Volksabstimmung 2011 stattgefunden hat. Bezogen auf die Demokratie in Baden-W\u00fcrttemberg ist der \u00fcberwiegende Teil der Menschen mit dem Funktionieren der Demokratie in Baden-W\u00fcrttemberg \u201ezufrieden\u201d oder \u201esehr zufrieden\u201d. Unzufriedenheit gibt es praktisch nicht. Zugleich vertritt eine Mehrheit der Menschen die Meinung, dass es in Baden-W\u00fcrttemberg gen\u00fcgend M\u00f6glichkeiten zur politischen Beteiligung gibt. Dabei ist das subjektive Wissen \u00fcber M\u00f6glichkeiten der B\u00fcrgerbeteiligung, die es in Baden-W\u00fcrttemberg gibt, insgesamt sehr unterschiedlich in der Bev\u00f6lkerung verteilt.<\/p>\n<p>Die Ver\u00f6ffentlichung stie\u00df auf ein breites Medienecho, zum Beispiel bei der <a href=\"http:\/\/www.swp.de\/ulm\/nachrichten\/politik\/Grosse-Mehrheit-im-Land-fuer-mehr-Volksentscheide;art4306,2451039\">S\u00dcDWEST PRESSE<\/a>, der <a href=\"http:\/\/www.stuttgarter-zeitung.de\/inhalt.buergerbeteiligung-im-land-die-direkte-demokratie-findet-anklang.bbb0d13c-0633-41c0-82a5-580cfffad578.html\">Stuttgarter Zeitung<\/a> und dem <a href=\"http:\/\/www.morgenweb.de\/nachrichten\/sudwest\/volksabstimmungen-stossen-auf-wachsendes-interesse-1.1400730\">Mannheimer Morgen<\/a>.<\/p>\n<p>Dar\u00fcber hinaus hat baden-wuerttemberg.de anl\u00e4sslich der neuen Studienergebnisse mit mir ein <a href=\"http:\/\/www.baden-wuerttemberg.de\/de\/service\/presse\/pressemitteilung\/pid\/volksabstimmungen-und-buergerbeteiligung-erfahren-hohe-zustimmung\/\">Interview<\/a> gef\u00fchrt &#8211; wer es lieber in (mehreren) 140 Zeichen h\u00e4tte, der findet hier auch das <a href=\"https:\/\/www.baden-wuerttemberg.de\/?id=6801\">Twitterview<\/a> dazu.<\/p>\n","protected":false},"excerpt":{"rendered":"<p>Im Rahmen des Forschungsprojektes \u201eB\u00fcrgerbeteiligung und Direkte Demokratie in Baden-W\u00fcrttemberg\u201d im Nachgang zur Volksabstimmung zu Stuttgart 21, welches die politischen Entwicklungen und Trends in Baden-W\u00fcrttemberg kontinuierlich begleitet, sind j\u00fcngst ein Tabellenband sowie eine dazugeh\u00f6rige Pr\u00e4sentation der letzten telefonischen Befragung (15.07.2013 bis 16.08.2013) erschienen. Die Ergebnisse zeigen: Auch knapp zwei Jahre nach der Volksabstimmung findet eine [&hellip;]<\/p>\n","protected":false},"author":2,"featured_media":0,"comment_status":"closed","ping_status":"open","sticky":false,"template":"","format":"standard","meta":{"footnotes":""},"categories":[62,34,37],"tags":[],"class_list":["post-1951","post","type-post","status-publish","format-standard","hentry","category-medien","category-forschung","category-projekte"],"_links":{"self":[{"href":"https:\/\/www.thorstenfaas.de\/index.php?rest_route=\/wp\/v2\/posts\/1951","targetHints":{"allow":["GET"]}}],"collection":[{"href":"https:\/\/www.thorstenfaas.de\/index.php?rest_route=\/wp\/v2\/posts"}],"about":[{"href":"https:\/\/www.thorstenfaas.de\/index.php?rest_route=\/wp\/v2\/types\/post"}],"author":[{"embeddable":true,"href":"https:\/\/www.thorstenfaas.de\/index.php?rest_route=\/wp\/v2\/users\/2"}],"replies":[{"embeddable":true,"href":"https:\/\/www.thorstenfaas.de\/index.php?rest_route=%2Fwp%2Fv2%2Fcomments&post=1951"}],"version-history":[{"count":0,"href":"https:\/\/www.thorstenfaas.de\/index.php?rest_route=\/wp\/v2\/posts\/1951\/revisions"}],"wp:attachment":[{"href":"https:\/\/www.thorstenfaas.de\/index.php?rest_route=%2Fwp%2Fv2%2Fmedia&parent=1951"}],"wp:term":[{"taxonomy":"category","embeddable":true,"href":"https:\/\/www.thorstenfaas.de\/index.php?rest_route=%2Fwp%2Fv2%2Fcategories&post=1951"},{"taxonomy":"post_tag","embeddable":true,"href":"https:\/\/www.thorstenfaas.de\/index.php?rest_route=%2Fwp%2Fv2%2Ftags&post=1951"}],"curies":[{"name":"wp","href":"https:\/\/api.w.org\/{rel}","templated":true}]}}