{"id":2006,"date":"2014-06-07T08:40:54","date_gmt":"2014-06-07T07:40:54","guid":{"rendered":"http:\/\/www.thorstenfaas.de\/?p=2006"},"modified":"2014-06-07T08:40:54","modified_gmt":"2014-06-07T07:40:54","slug":"politische-kultur-im-umbruch-die-vierte-die-medien-von-morgen","status":"publish","type":"post","link":"https:\/\/www.thorstenfaas.de\/?p=2006","title":{"rendered":"Politische Kultur im Umbruch, die Vierte: Die Medien von morgen"},"content":{"rendered":"<p>Am vergangenen Montag stand die vierte Veranstaltung der Reihe &#8222;Politische Kultur im Umbruch&#8220; auf dem Programm; dieses Mal ging es um die &#8222;Medien von morgen&#8220;. Diskutiert haben Gerd Manthey, Mediensekret\u00e4r ver.di im Fachbereich Medien, Kunst und Industrie, Ulla Fiebig, Strategische Unternehmensentwicklung des S\u00fcdwestrundfunk, Prof. Dr. Bernhard P\u00f6rksen, Lehrstuhl f\u00fcr Medienwissenschaft Universit\u00e4t T\u00fcbingen, und Ulrike Winkelmann von der taz. <a href=\"http:\/\/www.fritz-erler-forum.de\/download.php?f=ebc8809ae4cc3e7c455617bb3055c18a\">Einen Bericht zur Veranstaltung gibt es hier<\/a>. Fl\u00fcgelTV hat die <a href=\"http:\/\/www.fluegel.tv\/beitrag\/tag\/friedrich-erbert-stiftung\">Veranstaltung aufgezeichnet und ins Netz gestellt<\/a> &#8211; hier gibt es zB meine Einf\u00fchrung:<\/p>\n<p><iframe loading=\"lazy\" width=\"560\" height=\"315\" src=\"\/\/www.youtube.com\/embed\/-ZnKI7XC4SY\" frameborder=\"0\" allowfullscreen><\/iframe><\/p>\n","protected":false},"excerpt":{"rendered":"<p>Am vergangenen Montag stand die vierte Veranstaltung der Reihe &#8222;Politische Kultur im Umbruch&#8220; auf dem Programm; dieses Mal ging es um die &#8222;Medien von morgen&#8220;. Diskutiert haben Gerd Manthey, Mediensekret\u00e4r ver.di im Fachbereich Medien, Kunst und Industrie, Ulla Fiebig, Strategische Unternehmensentwicklung des S\u00fcdwestrundfunk, Prof. Dr. Bernhard P\u00f6rksen, Lehrstuhl f\u00fcr Medienwissenschaft Universit\u00e4t T\u00fcbingen, und Ulrike Winkelmann [&hellip;]<\/p>\n","protected":false},"author":2,"featured_media":0,"comment_status":"closed","ping_status":"open","sticky":false,"template":"","format":"standard","meta":{"footnotes":""},"categories":[36],"tags":[],"class_list":["post-2006","post","type-post","status-publish","format-standard","hentry","category-vortrage-forschung"],"_links":{"self":[{"href":"https:\/\/www.thorstenfaas.de\/index.php?rest_route=\/wp\/v2\/posts\/2006","targetHints":{"allow":["GET"]}}],"collection":[{"href":"https:\/\/www.thorstenfaas.de\/index.php?rest_route=\/wp\/v2\/posts"}],"about":[{"href":"https:\/\/www.thorstenfaas.de\/index.php?rest_route=\/wp\/v2\/types\/post"}],"author":[{"embeddable":true,"href":"https:\/\/www.thorstenfaas.de\/index.php?rest_route=\/wp\/v2\/users\/2"}],"replies":[{"embeddable":true,"href":"https:\/\/www.thorstenfaas.de\/index.php?rest_route=%2Fwp%2Fv2%2Fcomments&post=2006"}],"version-history":[{"count":0,"href":"https:\/\/www.thorstenfaas.de\/index.php?rest_route=\/wp\/v2\/posts\/2006\/revisions"}],"wp:attachment":[{"href":"https:\/\/www.thorstenfaas.de\/index.php?rest_route=%2Fwp%2Fv2%2Fmedia&parent=2006"}],"wp:term":[{"taxonomy":"category","embeddable":true,"href":"https:\/\/www.thorstenfaas.de\/index.php?rest_route=%2Fwp%2Fv2%2Fcategories&post=2006"},{"taxonomy":"post_tag","embeddable":true,"href":"https:\/\/www.thorstenfaas.de\/index.php?rest_route=%2Fwp%2Fv2%2Ftags&post=2006"}],"curies":[{"name":"wp","href":"https:\/\/api.w.org\/{rel}","templated":true}]}}