{"id":2028,"date":"2014-09-22T20:58:25","date_gmt":"2014-09-22T19:58:25","guid":{"rendered":"http:\/\/www.thorstenfaas.de\/?p=2028"},"modified":"2014-09-22T20:58:25","modified_gmt":"2014-09-22T19:58:25","slug":"wahlen-im-osten-niedrige-wahlbeteiligung-hoher-afd-anteil","status":"publish","type":"post","link":"https:\/\/www.thorstenfaas.de\/?p=2028","title":{"rendered":"Wahlen im Osten: Niedrige Wahlbeteiligung, hoher AfD-Anteil"},"content":{"rendered":"<p>H\u00e4tte die SPD in Th\u00fcringen einen Sitz weniger, die AfD einen Sitz mehr erhalten, dann h\u00e4tten weder CDU\/SPD noch Linke\/SPD\/Gr\u00fcne eine Mehrheit im Landtag in Erfurt gehabt. So was h\u00e4tte es wohl noch nie in Deutschland gegeben&#8230; und selbst jetzt darf man wohl gespannt sein, ob eine Regierungsbildung in Erfurt mit nur einem Sitz Mehrheit erfolgreich sein wird. Die Wahlen in Brandenburg und Sachsen waren dagegen vor allem durch niedrige Wahlbeteiligung gepr\u00e4gt. Nur die AfD war \u00fcberall erfolgreich.<\/p>\n<p>Mehr Infos? Mit <a href=\"http:\/\/www.zeit.de\/politik\/deutschland\/2014-09\/niedrige-wahlbeteiligung-brandenburg-thueringen-interview#comments\">Ludwig Greven von ZEIT Online habe ich hier ein l\u00e4ngeres Interview zur Wahlbeteiligung<\/a> gef\u00fchrt; mit <a href=\"http:\/\/www.deutschlandradiokultur.de\/landtagswahlen-einzug-der-afd-wird-fuer-neue.1008.de.html?dram:article_id=297289\">Deutschland Radio Kultur hier \u00fcber die Erfolge der AfD<\/a> gesprochen. <\/p>\n","protected":false},"excerpt":{"rendered":"<p>H\u00e4tte die SPD in Th\u00fcringen einen Sitz weniger, die AfD einen Sitz mehr erhalten, dann h\u00e4tten weder CDU\/SPD noch Linke\/SPD\/Gr\u00fcne eine Mehrheit im Landtag in Erfurt gehabt. So was h\u00e4tte es wohl noch nie in Deutschland gegeben&#8230; und selbst jetzt darf man wohl gespannt sein, ob eine Regierungsbildung in Erfurt mit nur einem Sitz Mehrheit [&hellip;]<\/p>\n","protected":false},"author":2,"featured_media":0,"comment_status":"closed","ping_status":"open","sticky":false,"template":"","format":"standard","meta":{"footnotes":""},"categories":[62],"tags":[],"class_list":["post-2028","post","type-post","status-publish","format-standard","hentry","category-medien"],"_links":{"self":[{"href":"https:\/\/www.thorstenfaas.de\/index.php?rest_route=\/wp\/v2\/posts\/2028","targetHints":{"allow":["GET"]}}],"collection":[{"href":"https:\/\/www.thorstenfaas.de\/index.php?rest_route=\/wp\/v2\/posts"}],"about":[{"href":"https:\/\/www.thorstenfaas.de\/index.php?rest_route=\/wp\/v2\/types\/post"}],"author":[{"embeddable":true,"href":"https:\/\/www.thorstenfaas.de\/index.php?rest_route=\/wp\/v2\/users\/2"}],"replies":[{"embeddable":true,"href":"https:\/\/www.thorstenfaas.de\/index.php?rest_route=%2Fwp%2Fv2%2Fcomments&post=2028"}],"version-history":[{"count":0,"href":"https:\/\/www.thorstenfaas.de\/index.php?rest_route=\/wp\/v2\/posts\/2028\/revisions"}],"wp:attachment":[{"href":"https:\/\/www.thorstenfaas.de\/index.php?rest_route=%2Fwp%2Fv2%2Fmedia&parent=2028"}],"wp:term":[{"taxonomy":"category","embeddable":true,"href":"https:\/\/www.thorstenfaas.de\/index.php?rest_route=%2Fwp%2Fv2%2Fcategories&post=2028"},{"taxonomy":"post_tag","embeddable":true,"href":"https:\/\/www.thorstenfaas.de\/index.php?rest_route=%2Fwp%2Fv2%2Ftags&post=2028"}],"curies":[{"name":"wp","href":"https:\/\/api.w.org\/{rel}","templated":true}]}}