{"id":2182,"date":"2015-07-02T22:12:01","date_gmt":"2015-07-02T21:12:01","guid":{"rendered":"http:\/\/www.thorstenfaas.de\/?p=2182"},"modified":"2015-07-02T22:14:22","modified_gmt":"2015-07-02T21:14:22","slug":"economic-voting-im-kontext-der-fernsehdebatte-2013-neue-publikation","status":"publish","type":"post","link":"https:\/\/www.thorstenfaas.de\/?p=2182","title":{"rendered":"Economic Voting im Kontext der Fernsehdebatte 2013 &#8211; neue Publikation"},"content":{"rendered":"<p><img loading=\"lazy\" decoding=\"async\" src=\"http:\/\/www.thorstenfaas.de\/wp-content\/uploads\/2015\/07\/9783848721085.gif\" alt=\"\" title=\"9783848721085\" width=\"140\" height=\"208\" class=\"alignleft size-full wp-image-2183\" \/>In einer neuen Publikation gehen J\u00fcrgen Maier und ich der Frage nach, ob und wie sich das Fernsehduell 2013 zwischen Angela Merkel und Peer Steinbr\u00fcck auf ein m\u00f6gliches &#8222;Economic Voting&#8220; ausgewirkt hat &#8211; was tats\u00e4chlich auch der Fall gewesen ist. So hat es etwa dazu gef\u00fchrt, dass die wahrgenommene Verantwortung der Regierung f\u00fcr die eigene wirtschaftlichen Lage in st\u00e4rkerem Ma\u00dfe davon abhing, wie diese Lage selbst bewertet wurde \u2013 gerade bei den Regierungsanh\u00e4ngern. Wenn sie ihre Lage als gut einsch\u00e4tzten, wirkte sich dies nach dem Duell st\u00e4rker zugunsten der Kanzlerin aus als zuvor. An dieser Stelle also war die Kanzlerin durchaus erfolgreich. Zudem f\u00fchrte das Duell zu einer Normalisierung: W\u00e4hrend n\u00e4mlich vor dem Duell noch einige Effekte und Muster zu beobachten waren, die nicht im Einklang mit den theoretischen Erwartungen standen (so war etwa kein direkter Effekt der Wahrnehmung der allgemeinen Wirtschaftslage auf die Regierungszufriedenheit zu beobachten), so entsprach das Muster nach der Debatte deutlicher den Erwartungen. Das Duell als Gro\u00dfereignis hat offenkundig dazu gef\u00fchrt, diese Muster zu etablieren \u2013 was insgesamt zeigt, dass auch economic voting nichts \u201eNat\u00fcrliches\u201c ist, sondern konstruiert und etabliert werden muss, gerade auch im Umfeld von TV-Duellen. <\/p>\n<p><i>Thorsten Faas, J\u00fcrgen Maier: Wahrnehmungen der Wirtschaftslage, Zuschreibungen von Verantwortung und die Auswirkungen auf das Wahlverhalten im Kontext der Fernsehdebatte Merkel-Steinbr\u00fcck 2013, in: Heiko Giebler, Aiko Wagner (Hrsg.): Wirtschaft, Krise und Wahlverhalten, Baden-Baden: Nomos, S. 237\u2013266.<\/i><\/p>\n","protected":false},"excerpt":{"rendered":"<p>In einer neuen Publikation gehen J\u00fcrgen Maier und ich der Frage nach, ob und wie sich das Fernsehduell 2013 zwischen Angela Merkel und Peer Steinbr\u00fcck auf ein m\u00f6gliches &#8222;Economic Voting&#8220; ausgewirkt hat &#8211; was tats\u00e4chlich auch der Fall gewesen ist. So hat es etwa dazu gef\u00fchrt, dass die wahrgenommene Verantwortung der Regierung f\u00fcr die eigene [&hellip;]<\/p>\n","protected":false},"author":2,"featured_media":0,"comment_status":"closed","ping_status":"open","sticky":false,"template":"","format":"standard","meta":{"footnotes":""},"categories":[35],"tags":[],"class_list":["post-2182","post","type-post","status-publish","format-standard","hentry","category-publikationen-forschung"],"_links":{"self":[{"href":"https:\/\/www.thorstenfaas.de\/index.php?rest_route=\/wp\/v2\/posts\/2182","targetHints":{"allow":["GET"]}}],"collection":[{"href":"https:\/\/www.thorstenfaas.de\/index.php?rest_route=\/wp\/v2\/posts"}],"about":[{"href":"https:\/\/www.thorstenfaas.de\/index.php?rest_route=\/wp\/v2\/types\/post"}],"author":[{"embeddable":true,"href":"https:\/\/www.thorstenfaas.de\/index.php?rest_route=\/wp\/v2\/users\/2"}],"replies":[{"embeddable":true,"href":"https:\/\/www.thorstenfaas.de\/index.php?rest_route=%2Fwp%2Fv2%2Fcomments&post=2182"}],"version-history":[{"count":0,"href":"https:\/\/www.thorstenfaas.de\/index.php?rest_route=\/wp\/v2\/posts\/2182\/revisions"}],"wp:attachment":[{"href":"https:\/\/www.thorstenfaas.de\/index.php?rest_route=%2Fwp%2Fv2%2Fmedia&parent=2182"}],"wp:term":[{"taxonomy":"category","embeddable":true,"href":"https:\/\/www.thorstenfaas.de\/index.php?rest_route=%2Fwp%2Fv2%2Fcategories&post=2182"},{"taxonomy":"post_tag","embeddable":true,"href":"https:\/\/www.thorstenfaas.de\/index.php?rest_route=%2Fwp%2Fv2%2Ftags&post=2182"}],"curies":[{"name":"wp","href":"https:\/\/api.w.org\/{rel}","templated":true}]}}