{"id":2457,"date":"2017-01-27T22:48:55","date_gmt":"2017-01-27T21:48:55","guid":{"rendered":"http:\/\/www.thorstenfaas.de\/?p=2457"},"modified":"2017-01-27T22:49:37","modified_gmt":"2017-01-27T21:49:37","slug":"ein-blick-zurueck-auf-gruen-rot-neue-publikation","status":"publish","type":"post","link":"https:\/\/www.thorstenfaas.de\/?p=2457","title":{"rendered":"Ein Blick zur\u00fcck auf Gr\u00fcn-Rot &#8211; neue Publikation"},"content":{"rendered":"<p><a href=\"http:\/\/www.thorstenfaas.de\/wp-content\/uploads\/2017\/01\/9783658148676.png\"><img loading=\"lazy\" decoding=\"async\" src=\"http:\/\/www.thorstenfaas.de\/wp-content\/uploads\/2017\/01\/9783658148676.png\" alt=\"\" width=\"100\" height=\"142\" class=\"alignright size-full wp-image-2459\" \/><\/a>Die erste gr\u00fcn-rote Landesregierung ist Geschichte &#8211; Grund genug, sich ihr intensiv zu widmen. Felix H\u00f6risch und Stefan Wurster haben einen illustren Kreis von Autorinnen und Autoren zusammengebracht (siehe <a href=\"http:\/\/www.thorstenfaas.de\/wp-content\/uploads\/2017\/01\/9783658148676-t1.pdf\">das Inhaltsverzeichnis<\/a>), um sich dem &#8222;gr\u00fcn-roten Experiment&#8220; zu widmen. Auch Johannes Blumenberg und ich durften einen Beitrag leisten: &#8222;Sag, wie h\u00e4ltst Du\u2019s mit Gr\u00fcn-Rot? Die gr\u00fcn-rote Landesregierung im Urteil der W\u00e4hler 2011 bis 2015&#8220;.<\/p>\n<p><em>Johannes N. Blumenberg, Thorsten Faas: Sag, wie h\u00e4ltst Du\u2019s mit Gr\u00fcn-Rot? Die gr\u00fcn-rote Landesregierung im Urteil der W\u00e4hler 2011 bis 2015, in: Felix H\u00f6risch, Stefan Wurster (Hrsg.): <em>Das gr\u00fcn-rote Experiment in Baden-W\u00fcrttemberg<\/em>, Wiesbaden: SpringerVS, 2017, S. 361\u2013381.<\/em><\/p>\n","protected":false},"excerpt":{"rendered":"<p>Die erste gr\u00fcn-rote Landesregierung ist Geschichte &#8211; Grund genug, sich ihr intensiv zu widmen. Felix H\u00f6risch und Stefan Wurster haben einen illustren Kreis von Autorinnen und Autoren zusammengebracht (siehe das Inhaltsverzeichnis), um sich dem &#8222;gr\u00fcn-roten Experiment&#8220; zu widmen. Auch Johannes Blumenberg und ich durften einen Beitrag leisten: &#8222;Sag, wie h\u00e4ltst Du\u2019s mit Gr\u00fcn-Rot? Die gr\u00fcn-rote [&hellip;]<\/p>\n","protected":false},"author":2,"featured_media":0,"comment_status":"closed","ping_status":"open","sticky":false,"template":"","format":"standard","meta":{"footnotes":""},"categories":[1],"tags":[],"class_list":["post-2457","post","type-post","status-publish","format-standard","hentry","category-allgemein"],"_links":{"self":[{"href":"https:\/\/www.thorstenfaas.de\/index.php?rest_route=\/wp\/v2\/posts\/2457","targetHints":{"allow":["GET"]}}],"collection":[{"href":"https:\/\/www.thorstenfaas.de\/index.php?rest_route=\/wp\/v2\/posts"}],"about":[{"href":"https:\/\/www.thorstenfaas.de\/index.php?rest_route=\/wp\/v2\/types\/post"}],"author":[{"embeddable":true,"href":"https:\/\/www.thorstenfaas.de\/index.php?rest_route=\/wp\/v2\/users\/2"}],"replies":[{"embeddable":true,"href":"https:\/\/www.thorstenfaas.de\/index.php?rest_route=%2Fwp%2Fv2%2Fcomments&post=2457"}],"version-history":[{"count":0,"href":"https:\/\/www.thorstenfaas.de\/index.php?rest_route=\/wp\/v2\/posts\/2457\/revisions"}],"wp:attachment":[{"href":"https:\/\/www.thorstenfaas.de\/index.php?rest_route=%2Fwp%2Fv2%2Fmedia&parent=2457"}],"wp:term":[{"taxonomy":"category","embeddable":true,"href":"https:\/\/www.thorstenfaas.de\/index.php?rest_route=%2Fwp%2Fv2%2Fcategories&post=2457"},{"taxonomy":"post_tag","embeddable":true,"href":"https:\/\/www.thorstenfaas.de\/index.php?rest_route=%2Fwp%2Fv2%2Ftags&post=2457"}],"curies":[{"name":"wp","href":"https:\/\/api.w.org\/{rel}","templated":true}]}}