{"id":2464,"date":"2017-01-29T23:49:07","date_gmt":"2017-01-29T22:49:07","guid":{"rendered":"http:\/\/www.thorstenfaas.de\/?p=2464"},"modified":"2017-01-29T23:50:05","modified_gmt":"2017-01-29T22:50:05","slug":"neue-publikation-parteien-und-soziale-ungleichheit","status":"publish","type":"post","link":"https:\/\/www.thorstenfaas.de\/?p=2464","title":{"rendered":"Neue Publikation: Parteien und soziale Ungleichheit"},"content":{"rendered":"<p>Kollege Elmar Wiesendahl hat k\u00fcrzlich einen<a href=\"http:\/\/www.thorstenfaas.de\/wp-content\/uploads\/2017\/01\/9783658103897.png\"><img decoding=\"async\" src=\"http:\/\/www.thorstenfaas.de\/wp-content\/uploads\/2017\/01\/9783658103897.png\" alt=\"\" width=\"120\" class=\"alignleft size-full wp-image-2466\" \/><\/a> Sammelband zum Thema &#8222;Parteien und soziale Ungleichheit&#8220; herausgegeben &#8211; das Inhaltsverzeichnis gibt es <a href=\"http:\/\/www.thorstenfaas.de\/wp-content\/uploads\/2017\/01\/9783658103897-t1.pdf\">hier<\/a>. Jasmin Siri und ich haben dazu einen Beitrag mit dem Titel &#8222;Soziale Ungleichheit und das Wahlbeteiligungsgef\u00e4lle&#8220; beisteuern d\u00fcrfen.<\/p>\n<p><em>Thorsten Faas, Jasmin Siri: Soziale Ungleichheit und das Wahlbeteiligungsgef\u00e4lle, in: Elmar Wiesendahl (Hrsg.): Parteien und soziale Ungleichheit, Wiesbaden: SpringerVS, 2017, S. 243\u2013257.<\/em><\/p>\n","protected":false},"excerpt":{"rendered":"<p>Kollege Elmar Wiesendahl hat k\u00fcrzlich einen Sammelband zum Thema &#8222;Parteien und soziale Ungleichheit&#8220; herausgegeben &#8211; das Inhaltsverzeichnis gibt es hier. Jasmin Siri und ich haben dazu einen Beitrag mit dem Titel &#8222;Soziale Ungleichheit und das Wahlbeteiligungsgef\u00e4lle&#8220; beisteuern d\u00fcrfen. Thorsten Faas, Jasmin Siri: Soziale Ungleichheit und das Wahlbeteiligungsgef\u00e4lle, in: Elmar Wiesendahl (Hrsg.): Parteien und soziale Ungleichheit, [&hellip;]<\/p>\n","protected":false},"author":2,"featured_media":0,"comment_status":"closed","ping_status":"open","sticky":false,"template":"","format":"standard","meta":{"footnotes":""},"categories":[1],"tags":[],"class_list":["post-2464","post","type-post","status-publish","format-standard","hentry","category-allgemein"],"_links":{"self":[{"href":"https:\/\/www.thorstenfaas.de\/index.php?rest_route=\/wp\/v2\/posts\/2464","targetHints":{"allow":["GET"]}}],"collection":[{"href":"https:\/\/www.thorstenfaas.de\/index.php?rest_route=\/wp\/v2\/posts"}],"about":[{"href":"https:\/\/www.thorstenfaas.de\/index.php?rest_route=\/wp\/v2\/types\/post"}],"author":[{"embeddable":true,"href":"https:\/\/www.thorstenfaas.de\/index.php?rest_route=\/wp\/v2\/users\/2"}],"replies":[{"embeddable":true,"href":"https:\/\/www.thorstenfaas.de\/index.php?rest_route=%2Fwp%2Fv2%2Fcomments&post=2464"}],"version-history":[{"count":0,"href":"https:\/\/www.thorstenfaas.de\/index.php?rest_route=\/wp\/v2\/posts\/2464\/revisions"}],"wp:attachment":[{"href":"https:\/\/www.thorstenfaas.de\/index.php?rest_route=%2Fwp%2Fv2%2Fmedia&parent=2464"}],"wp:term":[{"taxonomy":"category","embeddable":true,"href":"https:\/\/www.thorstenfaas.de\/index.php?rest_route=%2Fwp%2Fv2%2Fcategories&post=2464"},{"taxonomy":"post_tag","embeddable":true,"href":"https:\/\/www.thorstenfaas.de\/index.php?rest_route=%2Fwp%2Fv2%2Ftags&post=2464"}],"curies":[{"name":"wp","href":"https:\/\/api.w.org\/{rel}","templated":true}]}}