{"id":2470,"date":"2017-01-30T17:22:30","date_gmt":"2017-01-30T16:22:30","guid":{"rendered":"http:\/\/www.thorstenfaas.de\/?p=2470"},"modified":"2017-01-30T17:22:52","modified_gmt":"2017-01-30T16:22:52","slug":"landesrat-fuer-digitale-entwicklung-und-kultur","status":"publish","type":"post","link":"https:\/\/www.thorstenfaas.de\/?p=2470","title":{"rendered":"Landesrat f\u00fcr digitale Entwicklung und Kultur"},"content":{"rendered":"<p><a href=\"http:\/\/www.thorstenfaas.de\/wp-content\/uploads\/2017\/01\/Landesrat.jpg\"><img decoding=\"async\" src=\"http:\/\/www.thorstenfaas.de\/wp-content\/uploads\/2017\/01\/Landesrat.jpg\" alt=\"\" width=\"200\" class=\"alignleft size-full wp-image-2471\" srcset=\"https:\/\/www.thorstenfaas.de\/wp-content\/uploads\/2017\/01\/Landesrat.jpg 902w, https:\/\/www.thorstenfaas.de\/wp-content\/uploads\/2017\/01\/Landesrat-300x200.jpg 300w, https:\/\/www.thorstenfaas.de\/wp-content\/uploads\/2017\/01\/Landesrat-768x511.jpg 768w\" sizes=\"(max-width: 902px) 100vw, 902px\" \/><\/a>Auch in der neuen Legislaturperiode ber\u00e4t wieder ein &#8222;Landesrat f\u00fcr digitale Entwicklung und Kultur&#8220; die rheinland-pf\u00e4lzische Ministerpr\u00e4sidentin Malu Dreyer &#8222;in den vielseitigen Themenfeldern der Digitalisierung&#8220;. Ich freue mich, wieder zu den Mitgliedern zu geh\u00f6ren, weitere Information zum Rat und seinen Mitgliedern gibt es <a href=\"https:\/\/www.digital.rlp.de\/digital\/de\/home\/news\/single\/id\/41\">hier<\/a>. Die erste Sitzung des Rats fand am 12. Januar statt &#8211; siehe Foto links. Im Hintergrund \u00fcbrigens nicht Big Brother, sondern der Kollege Dobusch, zugeschaltet aus dem fernen \u00d6sterreich.<\/p>\n","protected":false},"excerpt":{"rendered":"<p>Auch in der neuen Legislaturperiode ber\u00e4t wieder ein &#8222;Landesrat f\u00fcr digitale Entwicklung und Kultur&#8220; die rheinland-pf\u00e4lzische Ministerpr\u00e4sidentin Malu Dreyer &#8222;in den vielseitigen Themenfeldern der Digitalisierung&#8220;. Ich freue mich, wieder zu den Mitgliedern zu geh\u00f6ren, weitere Information zum Rat und seinen Mitgliedern gibt es hier. Die erste Sitzung des Rats fand am 12. Januar statt &#8211; [&hellip;]<\/p>\n","protected":false},"author":2,"featured_media":0,"comment_status":"closed","ping_status":"open","sticky":false,"template":"","format":"standard","meta":{"footnotes":""},"categories":[1],"tags":[],"class_list":["post-2470","post","type-post","status-publish","format-standard","hentry","category-allgemein"],"_links":{"self":[{"href":"https:\/\/www.thorstenfaas.de\/index.php?rest_route=\/wp\/v2\/posts\/2470","targetHints":{"allow":["GET"]}}],"collection":[{"href":"https:\/\/www.thorstenfaas.de\/index.php?rest_route=\/wp\/v2\/posts"}],"about":[{"href":"https:\/\/www.thorstenfaas.de\/index.php?rest_route=\/wp\/v2\/types\/post"}],"author":[{"embeddable":true,"href":"https:\/\/www.thorstenfaas.de\/index.php?rest_route=\/wp\/v2\/users\/2"}],"replies":[{"embeddable":true,"href":"https:\/\/www.thorstenfaas.de\/index.php?rest_route=%2Fwp%2Fv2%2Fcomments&post=2470"}],"version-history":[{"count":0,"href":"https:\/\/www.thorstenfaas.de\/index.php?rest_route=\/wp\/v2\/posts\/2470\/revisions"}],"wp:attachment":[{"href":"https:\/\/www.thorstenfaas.de\/index.php?rest_route=%2Fwp%2Fv2%2Fmedia&parent=2470"}],"wp:term":[{"taxonomy":"category","embeddable":true,"href":"https:\/\/www.thorstenfaas.de\/index.php?rest_route=%2Fwp%2Fv2%2Fcategories&post=2470"},{"taxonomy":"post_tag","embeddable":true,"href":"https:\/\/www.thorstenfaas.de\/index.php?rest_route=%2Fwp%2Fv2%2Ftags&post=2470"}],"curies":[{"name":"wp","href":"https:\/\/api.w.org\/{rel}","templated":true}]}}