{"id":2578,"date":"2017-07-18T21:12:48","date_gmt":"2017-07-18T20:12:48","guid":{"rendered":"http:\/\/www.thorstenfaas.de\/?p=2578"},"modified":"2017-07-18T21:12:48","modified_gmt":"2017-07-18T20:12:48","slug":"highlights-des-juengsten-demokratielunchs","status":"publish","type":"post","link":"https:\/\/www.thorstenfaas.de\/?p=2578","title":{"rendered":"Highlights des j\u00fcngsten Demokratielunchs"},"content":{"rendered":"<p>Beim f\u00fcnften und vor der Bundestagswahl letzten Demokratielunch, den wir in Kooperation mit der FES Hessen durchf\u00fchren, waren Katharina Barley und Thomas Leif zu Gast im Wohnzimmer in Wiesbaden, um \u00fcber Wahlen und das Wahlk\u00e4mpfen heute zu diskutieren. Die Highlights gibts hier zum Nachschauen:<\/p>\n<p><iframe loading=\"lazy\" width=\"560\" height=\"315\" src=\"https:\/\/www.youtube.com\/embed\/pvTl5QJzZdo\" frameborder=\"0\" allowfullscreen><\/iframe><\/p>\n","protected":false},"excerpt":{"rendered":"<p>Beim f\u00fcnften und vor der Bundestagswahl letzten Demokratielunch, den wir in Kooperation mit der FES Hessen durchf\u00fchren, waren Katharina Barley und Thomas Leif zu Gast im Wohnzimmer in Wiesbaden, um \u00fcber Wahlen und das Wahlk\u00e4mpfen heute zu diskutieren. Die Highlights gibts hier zum Nachschauen:<\/p>\n","protected":false},"author":2,"featured_media":0,"comment_status":"closed","ping_status":"open","sticky":false,"template":"","format":"standard","meta":{"footnotes":""},"categories":[1],"tags":[],"class_list":["post-2578","post","type-post","status-publish","format-standard","hentry","category-allgemein"],"_links":{"self":[{"href":"https:\/\/www.thorstenfaas.de\/index.php?rest_route=\/wp\/v2\/posts\/2578","targetHints":{"allow":["GET"]}}],"collection":[{"href":"https:\/\/www.thorstenfaas.de\/index.php?rest_route=\/wp\/v2\/posts"}],"about":[{"href":"https:\/\/www.thorstenfaas.de\/index.php?rest_route=\/wp\/v2\/types\/post"}],"author":[{"embeddable":true,"href":"https:\/\/www.thorstenfaas.de\/index.php?rest_route=\/wp\/v2\/users\/2"}],"replies":[{"embeddable":true,"href":"https:\/\/www.thorstenfaas.de\/index.php?rest_route=%2Fwp%2Fv2%2Fcomments&post=2578"}],"version-history":[{"count":0,"href":"https:\/\/www.thorstenfaas.de\/index.php?rest_route=\/wp\/v2\/posts\/2578\/revisions"}],"wp:attachment":[{"href":"https:\/\/www.thorstenfaas.de\/index.php?rest_route=%2Fwp%2Fv2%2Fmedia&parent=2578"}],"wp:term":[{"taxonomy":"category","embeddable":true,"href":"https:\/\/www.thorstenfaas.de\/index.php?rest_route=%2Fwp%2Fv2%2Fcategories&post=2578"},{"taxonomy":"post_tag","embeddable":true,"href":"https:\/\/www.thorstenfaas.de\/index.php?rest_route=%2Fwp%2Fv2%2Ftags&post=2578"}],"curies":[{"name":"wp","href":"https:\/\/api.w.org\/{rel}","templated":true}]}}