{"id":2635,"date":"2017-08-26T22:39:50","date_gmt":"2017-08-26T21:39:50","guid":{"rendered":"http:\/\/www.thorstenfaas.de\/?p=2635"},"modified":"2017-08-26T22:40:09","modified_gmt":"2017-08-26T21:40:09","slug":"was-mit-medien","status":"publish","type":"post","link":"https:\/\/www.thorstenfaas.de\/?p=2635","title":{"rendered":"Was mit Medien&#8230;"},"content":{"rendered":"<p>Der Wahlkampf l\u00e4uft an, das TV-Duell naht, der Wahlomat auch&#8230; die Seiten und Sendungen der Medien m\u00fcssen gef\u00fcllt werden. Da ist man doch gerne behilflich. Hier das eine oder andere zum Nachlesen:<\/p>\n<ul>\n<li>Zum Wahlkampf allgemein <a href=\"http:\/\/www.deutschlandfunkkultur.de\/kraefteverhaeltnisse-vor-der-wahl-alles-merkel-oder-was.990.de.html?dram:article_id=391743\">&#8222;Tacheles&#8220; bei Deutschlandfunk Kultur<\/a><\/li>\n<li><a href=\"https:\/\/www.100komma7.lu\/article\/aktualiteit\/bundestagswahl-keng-irrational-welt-vu-fake-news\">Wer lieber Luxemburgisch liest oder h\u00f6rt bei Radio 100,7 &#8230; <\/a><\/li>\n<li>Eine <a href=\"http:\/\/Cicero: http:\/\/cicero.de\/innenpolitik\/wahlkampf-mehr-pepp-als-2013\">Einsch\u00e4tzung des laufenden Wahlkampfs im Vergleich zu 2013<\/a> (auf Basis des &#8222;Wahlkampf-Index&#8220; bei Cicero)<\/li>\n<li>\u00dcber den  <a href=\"http:\/\/www.br.de\/radio\/bayern2\/gesellschaft\/tagesgespraech\/bundestagswahl-parteien-waehlen-wem-stimme-geben-100.html\">Wahlomat habe ich beim BR2 Tagesgespr\u00e4ch<\/a> gesprochen<\/li>\n<li>Allgemeiner zu <a href=\"http:\/\/www.zeit.de\/2017\/33\/wahlkampf-jugend-parteien-bundestagswahl\/komplettansicht\">jungen Menschen mit der ZEIT<\/a><\/li>\n<li>Nat\u00fcrlich darf auch die Demoskopie nicht fehlen: <a href=\"http:\/\/wahlen-mv.de\/2017\/08\/wie-aussagekraeftig-sind-wahlumfragen\/\">http:\/\/wahlen-mv.de\/2017\/08\/wie-aussagekraeftig-sind-wahlumfragen\/<\/a><\/li>\n<\/ul>\n<p>Wer lieber was angucken m\u00f6chte, aber all unsere <a href=\"http:\/\/www.wasmitwahlen.de\">#WasmitWahlen-Videos<\/a> schon auswendig mitsprechen kann &#8211; guckst Du hier:<br \/>\n<iframe loading=\"lazy\" width=\"560\" height=\"315\" src=\"https:\/\/www.youtube.com\/embed\/kEyb3oySmTM?ecver=1\" frameborder=\"0\" allowfullscreen><\/iframe><\/p>\n<p>Und bei &#8222;Zur Sache Rheinland-Pfalz&#8220; habe ich auch mal wieder vorbeigeschaut (ab Minute 6:30)<br \/>\n<iframe src='https:\/\/www.swr.de\/zur-sache-rheinland-pfalz\/unterwegs-mit-andrea-nahles-von-der-spd\/-\/id=13831244\/did=20166060\/pv=embedded\/15fvee2\/index.html' width='512' height='288' allowfullscreen frameBorder='0' scrolling='no'><\/iframe><\/p>\n","protected":false},"excerpt":{"rendered":"<p>Der Wahlkampf l\u00e4uft an, das TV-Duell naht, der Wahlomat auch&#8230; die Seiten und Sendungen der Medien m\u00fcssen gef\u00fcllt werden. Da ist man doch gerne behilflich. Hier das eine oder andere zum Nachlesen: Zum Wahlkampf allgemein &#8222;Tacheles&#8220; bei Deutschlandfunk Kultur Wer lieber Luxemburgisch liest oder h\u00f6rt bei Radio 100,7 &#8230; Eine Einsch\u00e4tzung des laufenden Wahlkampfs im [&hellip;]<\/p>\n","protected":false},"author":2,"featured_media":0,"comment_status":"closed","ping_status":"open","sticky":false,"template":"","format":"standard","meta":{"footnotes":""},"categories":[1],"tags":[],"class_list":["post-2635","post","type-post","status-publish","format-standard","hentry","category-allgemein"],"_links":{"self":[{"href":"https:\/\/www.thorstenfaas.de\/index.php?rest_route=\/wp\/v2\/posts\/2635","targetHints":{"allow":["GET"]}}],"collection":[{"href":"https:\/\/www.thorstenfaas.de\/index.php?rest_route=\/wp\/v2\/posts"}],"about":[{"href":"https:\/\/www.thorstenfaas.de\/index.php?rest_route=\/wp\/v2\/types\/post"}],"author":[{"embeddable":true,"href":"https:\/\/www.thorstenfaas.de\/index.php?rest_route=\/wp\/v2\/users\/2"}],"replies":[{"embeddable":true,"href":"https:\/\/www.thorstenfaas.de\/index.php?rest_route=%2Fwp%2Fv2%2Fcomments&post=2635"}],"version-history":[{"count":0,"href":"https:\/\/www.thorstenfaas.de\/index.php?rest_route=\/wp\/v2\/posts\/2635\/revisions"}],"wp:attachment":[{"href":"https:\/\/www.thorstenfaas.de\/index.php?rest_route=%2Fwp%2Fv2%2Fmedia&parent=2635"}],"wp:term":[{"taxonomy":"category","embeddable":true,"href":"https:\/\/www.thorstenfaas.de\/index.php?rest_route=%2Fwp%2Fv2%2Fcategories&post=2635"},{"taxonomy":"post_tag","embeddable":true,"href":"https:\/\/www.thorstenfaas.de\/index.php?rest_route=%2Fwp%2Fv2%2Ftags&post=2635"}],"curies":[{"name":"wp","href":"https:\/\/api.w.org\/{rel}","templated":true}]}}