{"id":2660,"date":"2017-09-05T16:11:32","date_gmt":"2017-09-05T15:11:32","guid":{"rendered":"http:\/\/www.thorstenfaas.de\/?p=2660"},"modified":"2017-10-07T16:14:54","modified_gmt":"2017-10-07T15:14:54","slug":"auf-duell-folgt-fuenfkampf","status":"publish","type":"post","link":"https:\/\/www.thorstenfaas.de\/?p=2660","title":{"rendered":"Auf Duell folgt F\u00fcnfkampf"},"content":{"rendered":"<p>Da wir kein pr\u00e4sidentielles, sondern ein parlamentarisches politisches System haben, ist es inzwischen gute Tradition, TV-Duelle durch erg\u00e4nzende Formate zu flankieren und so auch die &#8222;kleineren&#8220; Parteien zu Wort kommen zu lassen. Am Montag nach dem Duell gab es im ZDF einen Dreikampf (mit CSU, Gr\u00fcnen und Linken) und in der ARD sogar einen F\u00fcnfkampf (mit AfD, CSU, FDP, Gr\u00fcnen und Linken). Den F\u00fcnfkampf haben wir auch durch Forschung begleitet &#8211; hier gilt also: Stay tuned! <\/p>\n<p>Erste Einsch\u00e4tzungen zum F\u00fcnfkampf &#8211; gerade auch in Abgrenzung zum Duell &#8211; habe <a href=\"http:\/\/www.deutschlandfunk.de\/tv-fuenfkampf-der-kleineren-parteien-das-war.694.de.html?dram:article_id=395157\">ich aber hier schon dem Deutschlandfunk gegeben.<\/a><\/p>\n","protected":false},"excerpt":{"rendered":"<p>Da wir kein pr\u00e4sidentielles, sondern ein parlamentarisches politisches System haben, ist es inzwischen gute Tradition, TV-Duelle durch erg\u00e4nzende Formate zu flankieren und so auch die &#8222;kleineren&#8220; Parteien zu Wort kommen zu lassen. Am Montag nach dem Duell gab es im ZDF einen Dreikampf (mit CSU, Gr\u00fcnen und Linken) und in der ARD sogar einen F\u00fcnfkampf [&hellip;]<\/p>\n","protected":false},"author":2,"featured_media":0,"comment_status":"closed","ping_status":"open","sticky":false,"template":"","format":"standard","meta":{"footnotes":""},"categories":[1],"tags":[],"class_list":["post-2660","post","type-post","status-publish","format-standard","hentry","category-allgemein"],"_links":{"self":[{"href":"https:\/\/www.thorstenfaas.de\/index.php?rest_route=\/wp\/v2\/posts\/2660","targetHints":{"allow":["GET"]}}],"collection":[{"href":"https:\/\/www.thorstenfaas.de\/index.php?rest_route=\/wp\/v2\/posts"}],"about":[{"href":"https:\/\/www.thorstenfaas.de\/index.php?rest_route=\/wp\/v2\/types\/post"}],"author":[{"embeddable":true,"href":"https:\/\/www.thorstenfaas.de\/index.php?rest_route=\/wp\/v2\/users\/2"}],"replies":[{"embeddable":true,"href":"https:\/\/www.thorstenfaas.de\/index.php?rest_route=%2Fwp%2Fv2%2Fcomments&post=2660"}],"version-history":[{"count":0,"href":"https:\/\/www.thorstenfaas.de\/index.php?rest_route=\/wp\/v2\/posts\/2660\/revisions"}],"wp:attachment":[{"href":"https:\/\/www.thorstenfaas.de\/index.php?rest_route=%2Fwp%2Fv2%2Fmedia&parent=2660"}],"wp:term":[{"taxonomy":"category","embeddable":true,"href":"https:\/\/www.thorstenfaas.de\/index.php?rest_route=%2Fwp%2Fv2%2Fcategories&post=2660"},{"taxonomy":"post_tag","embeddable":true,"href":"https:\/\/www.thorstenfaas.de\/index.php?rest_route=%2Fwp%2Fv2%2Ftags&post=2660"}],"curies":[{"name":"wp","href":"https:\/\/api.w.org\/{rel}","templated":true}]}}