{"id":2682,"date":"2017-09-15T17:34:37","date_gmt":"2017-09-15T16:34:37","guid":{"rendered":"http:\/\/www.thorstenfaas.de\/?p=2682"},"modified":"2017-10-07T17:36:25","modified_gmt":"2017-10-07T16:36:25","slug":"wahlkabine-podcast-der-bpb","status":"publish","type":"post","link":"https:\/\/www.thorstenfaas.de\/?p=2682","title":{"rendered":"Wahlkabine &#8211; Podcast der bpb"},"content":{"rendered":"<p>Martin Fuchs, der legend\u00e4re &#8222;Hamburger Wahlbeobachter&#8220;, hat zusammen mit der Bundeszentrale f\u00fcr politische Bildung einen Podcast zur Bundestagswahl 2017 ins leben gerufen, die <a href=\"https:\/\/www.bpb.de\/dialog\/podcast-zur-bundestagswahl\/\">&#8222;Wahlkabine&#8220;<\/a>.<\/p>\n<p>Ich hatte das gro\u00dfe Vergn\u00fcgen, an den ersten beiden Folgen mitwirken zu d\u00fcrfen:<\/p>\n<p>. Alle <a href=\"http:\/\/www.bpb.de\/dialog\/podcast-zur-bundestagswahl\/255584\/wahlkabine-zum-wahlrecht\">Fragen rund um das Wahlrecht haben wir hier <\/a>diskutiert.<br \/>\n. Und <a href=\"http:\/\/www.bpb.de\/dialog\/podcast-zur-bundestagswahl\/255579\/wahlkabine-zu-wahlumfragen\">alles rund um Wahlumfragen dann hier<\/a>.<\/p>\n<p>Und wo wir schon mal gerade bei Podcasts sind &#8211; f\u00fcr den &#8222;Stimmenfang&#8220; von Spiegel Online war ich hier im Einsatz:<br \/>\n<a href=\"https:\/\/soundcloud.com\/user-6264341\/worauf-es-fur-die-spd-jetzt-ankommt\">https:\/\/soundcloud.com\/user-6264341\/worauf-es-fur-die-spd-jetzt-ankommt<\/a><\/p>\n","protected":false},"excerpt":{"rendered":"<p>Martin Fuchs, der legend\u00e4re &#8222;Hamburger Wahlbeobachter&#8220;, hat zusammen mit der Bundeszentrale f\u00fcr politische Bildung einen Podcast zur Bundestagswahl 2017 ins leben gerufen, die &#8222;Wahlkabine&#8220;. Ich hatte das gro\u00dfe Vergn\u00fcgen, an den ersten beiden Folgen mitwirken zu d\u00fcrfen: . Alle Fragen rund um das Wahlrecht haben wir hier diskutiert. . Und alles rund um Wahlumfragen dann [&hellip;]<\/p>\n","protected":false},"author":2,"featured_media":0,"comment_status":"closed","ping_status":"open","sticky":false,"template":"","format":"standard","meta":{"footnotes":""},"categories":[1],"tags":[],"class_list":["post-2682","post","type-post","status-publish","format-standard","hentry","category-allgemein"],"_links":{"self":[{"href":"https:\/\/www.thorstenfaas.de\/index.php?rest_route=\/wp\/v2\/posts\/2682","targetHints":{"allow":["GET"]}}],"collection":[{"href":"https:\/\/www.thorstenfaas.de\/index.php?rest_route=\/wp\/v2\/posts"}],"about":[{"href":"https:\/\/www.thorstenfaas.de\/index.php?rest_route=\/wp\/v2\/types\/post"}],"author":[{"embeddable":true,"href":"https:\/\/www.thorstenfaas.de\/index.php?rest_route=\/wp\/v2\/users\/2"}],"replies":[{"embeddable":true,"href":"https:\/\/www.thorstenfaas.de\/index.php?rest_route=%2Fwp%2Fv2%2Fcomments&post=2682"}],"version-history":[{"count":0,"href":"https:\/\/www.thorstenfaas.de\/index.php?rest_route=\/wp\/v2\/posts\/2682\/revisions"}],"wp:attachment":[{"href":"https:\/\/www.thorstenfaas.de\/index.php?rest_route=%2Fwp%2Fv2%2Fmedia&parent=2682"}],"wp:term":[{"taxonomy":"category","embeddable":true,"href":"https:\/\/www.thorstenfaas.de\/index.php?rest_route=%2Fwp%2Fv2%2Fcategories&post=2682"},{"taxonomy":"post_tag","embeddable":true,"href":"https:\/\/www.thorstenfaas.de\/index.php?rest_route=%2Fwp%2Fv2%2Ftags&post=2682"}],"curies":[{"name":"wp","href":"https:\/\/api.w.org\/{rel}","templated":true}]}}