{"id":2756,"date":"2018-04-18T21:58:05","date_gmt":"2018-04-18T20:58:05","guid":{"rendered":"http:\/\/www.thorstenfaas.de\/?p=2756"},"modified":"2019-04-14T22:22:42","modified_gmt":"2019-04-14T21:22:42","slug":"demokratie-um-12-zukunft-demokratischer-mediensysteme","status":"publish","type":"post","link":"https:\/\/www.thorstenfaas.de\/?p=2756","title":{"rendered":"&#8222;Demokratie um 12&#8220;: Zukunft demokratischer Mediensysteme"},"content":{"rendered":"\n<p>Welche Anforderungen muss der \u00f6ffentlich-rechtliche Rundfunk in Zukunft erf\u00fcllen? \u00dcber diese Frage haben wir im Rahmen einer neuen Auflage von &#8222;Demokratie um 12&#8220; in der Landesvertretung Rheinland-Pfalz mit Heike Raab, Birgit Stark und Roger de Weck diskutiert &#8211; vielen Dank an alle!<\/p>\n\n\n\n<div class=\"wp-block-image\"><figure class=\"aligncenter is-resized\"><img loading=\"lazy\" decoding=\"async\" src=\"https:\/\/www.thorstenfaas.de\/wp-content\/uploads\/2019\/04\/demo12medien-1024x576.jpg\" alt=\"\" class=\"wp-image-2757\" width=\"580\" height=\"326\" srcset=\"https:\/\/www.thorstenfaas.de\/wp-content\/uploads\/2019\/04\/demo12medien-1024x576.jpg 1024w, https:\/\/www.thorstenfaas.de\/wp-content\/uploads\/2019\/04\/demo12medien-300x169.jpg 300w, https:\/\/www.thorstenfaas.de\/wp-content\/uploads\/2019\/04\/demo12medien-768x432.jpg 768w, https:\/\/www.thorstenfaas.de\/wp-content\/uploads\/2019\/04\/demo12medien.jpg 1280w\" sizes=\"auto, (max-width: 580px) 100vw, 580px\" \/><\/figure><\/div>\n","protected":false},"excerpt":{"rendered":"<p>Welche Anforderungen muss der \u00f6ffentlich-rechtliche Rundfunk in Zukunft erf\u00fcllen? \u00dcber diese Frage haben wir im Rahmen einer neuen Auflage von &#8222;Demokratie um 12&#8220; in der Landesvertretung Rheinland-Pfalz mit Heike Raab, Birgit Stark und Roger de Weck diskutiert &#8211; vielen Dank an alle!<\/p>\n","protected":false},"author":2,"featured_media":0,"comment_status":"closed","ping_status":"open","sticky":false,"template":"","format":"standard","meta":{"footnotes":""},"categories":[1],"tags":[],"class_list":["post-2756","post","type-post","status-publish","format-standard","hentry","category-allgemein"],"_links":{"self":[{"href":"https:\/\/www.thorstenfaas.de\/index.php?rest_route=\/wp\/v2\/posts\/2756","targetHints":{"allow":["GET"]}}],"collection":[{"href":"https:\/\/www.thorstenfaas.de\/index.php?rest_route=\/wp\/v2\/posts"}],"about":[{"href":"https:\/\/www.thorstenfaas.de\/index.php?rest_route=\/wp\/v2\/types\/post"}],"author":[{"embeddable":true,"href":"https:\/\/www.thorstenfaas.de\/index.php?rest_route=\/wp\/v2\/users\/2"}],"replies":[{"embeddable":true,"href":"https:\/\/www.thorstenfaas.de\/index.php?rest_route=%2Fwp%2Fv2%2Fcomments&post=2756"}],"version-history":[{"count":0,"href":"https:\/\/www.thorstenfaas.de\/index.php?rest_route=\/wp\/v2\/posts\/2756\/revisions"}],"wp:attachment":[{"href":"https:\/\/www.thorstenfaas.de\/index.php?rest_route=%2Fwp%2Fv2%2Fmedia&parent=2756"}],"wp:term":[{"taxonomy":"category","embeddable":true,"href":"https:\/\/www.thorstenfaas.de\/index.php?rest_route=%2Fwp%2Fv2%2Fcategories&post=2756"},{"taxonomy":"post_tag","embeddable":true,"href":"https:\/\/www.thorstenfaas.de\/index.php?rest_route=%2Fwp%2Fv2%2Ftags&post=2756"}],"curies":[{"name":"wp","href":"https:\/\/api.w.org\/{rel}","templated":true}]}}