{"id":278,"date":"2009-03-26T15:21:44","date_gmt":"2009-03-26T14:21:44","guid":{"rendered":"http:\/\/www.thorsten-faas.de\/?p=278"},"modified":"2009-03-28T00:30:34","modified_gmt":"2009-03-27T23:30:34","slug":"wahlen-nach-zahlen-online-neues-blog-in-kooperation-mit-der-zeit","status":"publish","type":"post","link":"https:\/\/www.thorstenfaas.de\/?p=278","title":{"rendered":"&#8222;Wahlen-nach-Zahlen&#8220; online &#8211; Neues Blog in Kooperation mit der ZEIT"},"content":{"rendered":"<p><img decoding=\"async\" class=\"alignleft size-medium wp-image-280\" style=\"border: solid 1px #AAAAAA\" title=\"wahlen-nach-zahlen\" src=\"http:\/\/www.thorstenfaas.de\/wp-content\/uploads\/2009\/03\/wahlen-nach-zahlen.jpg\" alt=\"\" width=\"200\" \/>Unter<br \/>\n<i><a href=\"http:\/\/blog.zeit.de\/wahlen-nach-zahlen\" target=\"_new\">http:\/\/blog.zeit.de\/wahlen-nach-zahlen<\/a><\/i><br \/>\ngibt es ab sofort ein neues Blog zum Superwahljahr 2009. Initiiert von <a href=\"http:\/\/www.andrearoemmele.de\" target=\"_blank\">Andrea R\u00f6mmele<\/a> und mir und in Kooperation mit der Wochenzeitung &#8222;Die ZEIT&#8220; soll das Blog empirisch fundierte wissenschaftliche Beitr\u00e4ge rund um das Wahljahr 2009 bieten. Forscher unterschiedlicher Universit\u00e4ten nehmen kurz und pr\u00e4gnant zu Wahlk\u00e4mpfen, Wahlausg\u00e4ngen und Koalitionsverhandlungen Stellung \u2013 aktuell, informativ, empirisch fundiert.<br \/>\n<i>Alle Beitr\u00e4ge des Blogs gibt es hier: <a href=\"http:\/\/blog.zeit.de\/wahlen-nach-zahlen\/\" target=\"_blank\">http:\/\/blog.zeit.de\/wahlen-nach-zahlen\/<\/a><br \/>\nMeine Beitr\u00e4ge finden sich hier: <a href=\"http:\/\/blog.zeit.de\/wahlen-nach-zahlen\/author\/tfaas\" target=\"_blank\">http:\/\/blog.zeit.de\/wahlen-nach-zahlen\/author\/tfaas<\/a><br \/>\nDen RSS-Feed zum Blog gibt es hier: <a href=\"http:\/\/blog.zeit.de\/wahlen-nach-zahlen\/?feed=rss2\" target=\"_blank\">http:\/\/blog.zeit.de\/wahlen-nach-zahlen\/?feed=rss2<\/a><\/i><\/p>\n","protected":false},"excerpt":{"rendered":"<p>Unter http:\/\/blog.zeit.de\/wahlen-nach-zahlen gibt es ab sofort ein neues Blog zum Superwahljahr 2009. Initiiert von Andrea R\u00f6mmele und mir und in Kooperation mit der Wochenzeitung &#8222;Die ZEIT&#8220; soll das Blog empirisch fundierte wissenschaftliche Beitr\u00e4ge rund um das Wahljahr 2009 bieten. Forscher unterschiedlicher Universit\u00e4ten nehmen kurz und pr\u00e4gnant zu Wahlk\u00e4mpfen, Wahlausg\u00e4ngen und Koalitionsverhandlungen Stellung \u2013 aktuell, informativ, [&hellip;]<\/p>\n","protected":false},"author":2,"featured_media":0,"comment_status":"open","ping_status":"open","sticky":false,"template":"","format":"standard","meta":{"footnotes":""},"categories":[1,46,35,45,9],"tags":[],"class_list":["post-278","post","type-post","status-publish","format-standard","hentry","category-allgemein","category-internetwahlkampf","category-publikationen-forschung","category-wahlkampf","category-zur-person"],"_links":{"self":[{"href":"https:\/\/www.thorstenfaas.de\/index.php?rest_route=\/wp\/v2\/posts\/278","targetHints":{"allow":["GET"]}}],"collection":[{"href":"https:\/\/www.thorstenfaas.de\/index.php?rest_route=\/wp\/v2\/posts"}],"about":[{"href":"https:\/\/www.thorstenfaas.de\/index.php?rest_route=\/wp\/v2\/types\/post"}],"author":[{"embeddable":true,"href":"https:\/\/www.thorstenfaas.de\/index.php?rest_route=\/wp\/v2\/users\/2"}],"replies":[{"embeddable":true,"href":"https:\/\/www.thorstenfaas.de\/index.php?rest_route=%2Fwp%2Fv2%2Fcomments&post=278"}],"version-history":[{"count":0,"href":"https:\/\/www.thorstenfaas.de\/index.php?rest_route=\/wp\/v2\/posts\/278\/revisions"}],"wp:attachment":[{"href":"https:\/\/www.thorstenfaas.de\/index.php?rest_route=%2Fwp%2Fv2%2Fmedia&parent=278"}],"wp:term":[{"taxonomy":"category","embeddable":true,"href":"https:\/\/www.thorstenfaas.de\/index.php?rest_route=%2Fwp%2Fv2%2Fcategories&post=278"},{"taxonomy":"post_tag","embeddable":true,"href":"https:\/\/www.thorstenfaas.de\/index.php?rest_route=%2Fwp%2Fv2%2Ftags&post=278"}],"curies":[{"name":"wp","href":"https:\/\/api.w.org\/{rel}","templated":true}]}}