{"id":2894,"date":"2019-06-26T21:03:05","date_gmt":"2019-06-26T20:03:05","guid":{"rendered":"http:\/\/www.thorstenfaas.de\/?p=2894"},"modified":"2019-08-21T21:06:46","modified_gmt":"2019-08-21T20:06:46","slug":"aemterhaeufung","status":"publish","type":"post","link":"https:\/\/www.thorstenfaas.de\/?p=2894","title":{"rendered":"\u00c4mterh\u00e4ufung"},"content":{"rendered":"\n<p>Die Mitgliederversammlung der Deutschen Gesellschaft f\u00fcr Wahlforschung (DGfW) hat mich k\u00fcrzlich als Mitglied des Pr\u00e4sidiums best\u00e4tigt, welches mich dann &#8211; neu! &#8211; in den Vorstand der DGfW gew\u00e4hlt hat. Damit einher geht die ehrenvolle Aufgabe, f\u00fcr die n\u00e4chste Auflage der German Longitudinal Election Study (GLES) (mit-)verantwortlich zu sein &#8211; stay tuned!<\/p>\n\n\n\n<p>Damit nicht genug: Der Institutsrat des OSI hat mich zum stellvertretenden gesch\u00e4ftsf\u00fchrenden Direktor des OSI gew\u00e4hlt &#8211; auch das eine ehrenvolle Aufgabe! Gemeinsam mit Bernd Ladwig und Sabine Achour sind wir nun das &#8222;GD-Team&#8220; &#8211; stay tuned!<\/p>\n","protected":false},"excerpt":{"rendered":"<p>Die Mitgliederversammlung der Deutschen Gesellschaft f\u00fcr Wahlforschung (DGfW) hat mich k\u00fcrzlich als Mitglied des Pr\u00e4sidiums best\u00e4tigt, welches mich dann &#8211; neu! &#8211; in den Vorstand der DGfW gew\u00e4hlt hat. Damit einher geht die ehrenvolle Aufgabe, f\u00fcr die n\u00e4chste Auflage der German Longitudinal Election Study (GLES) (mit-)verantwortlich zu sein &#8211; stay tuned! Damit nicht genug: Der [&hellip;]<\/p>\n","protected":false},"author":2,"featured_media":0,"comment_status":"closed","ping_status":"open","sticky":false,"template":"","format":"standard","meta":{"footnotes":""},"categories":[1],"tags":[],"class_list":["post-2894","post","type-post","status-publish","format-standard","hentry","category-allgemein"],"_links":{"self":[{"href":"https:\/\/www.thorstenfaas.de\/index.php?rest_route=\/wp\/v2\/posts\/2894","targetHints":{"allow":["GET"]}}],"collection":[{"href":"https:\/\/www.thorstenfaas.de\/index.php?rest_route=\/wp\/v2\/posts"}],"about":[{"href":"https:\/\/www.thorstenfaas.de\/index.php?rest_route=\/wp\/v2\/types\/post"}],"author":[{"embeddable":true,"href":"https:\/\/www.thorstenfaas.de\/index.php?rest_route=\/wp\/v2\/users\/2"}],"replies":[{"embeddable":true,"href":"https:\/\/www.thorstenfaas.de\/index.php?rest_route=%2Fwp%2Fv2%2Fcomments&post=2894"}],"version-history":[{"count":0,"href":"https:\/\/www.thorstenfaas.de\/index.php?rest_route=\/wp\/v2\/posts\/2894\/revisions"}],"wp:attachment":[{"href":"https:\/\/www.thorstenfaas.de\/index.php?rest_route=%2Fwp%2Fv2%2Fmedia&parent=2894"}],"wp:term":[{"taxonomy":"category","embeddable":true,"href":"https:\/\/www.thorstenfaas.de\/index.php?rest_route=%2Fwp%2Fv2%2Fcategories&post=2894"},{"taxonomy":"post_tag","embeddable":true,"href":"https:\/\/www.thorstenfaas.de\/index.php?rest_route=%2Fwp%2Fv2%2Ftags&post=2894"}],"curies":[{"name":"wp","href":"https:\/\/api.w.org\/{rel}","templated":true}]}}