{"id":2933,"date":"2020-01-10T20:59:00","date_gmt":"2020-01-10T19:59:00","guid":{"rendered":"http:\/\/www.thorstenfaas.de\/?p=2933"},"modified":"2020-05-03T21:07:14","modified_gmt":"2020-05-03T20:07:14","slug":"waehlen-ab-16-learning-from-real-experiences-worldwide","status":"publish","type":"post","link":"https:\/\/www.thorstenfaas.de\/?p=2933","title":{"rendered":"W\u00e4hlen ab 16 &#8211; &#8222;Learning from Real Experiences Worldwide&#8220;"},"content":{"rendered":"\n<p>Ob man das Wahlalter absenken sollte oder nicht, ist eine offenkundig weltweit umstrittene Frage. Zumindest deuten die unterschiedlichen Praktiken darauf hin, die in Deutschland auch auf subnationaler Ebene zu beobachten sind: In manchen L\u00e4ndern d\u00fcrfen 16-J\u00e4hrige (und 17-J\u00e4hrige) bei Kommunal- und Landtagswahlen w\u00e4hlen, in anderen nur bei Kommunalwahlen, in anderen wiederum gar nicht. Auf diese Muster und ihre Folgen gehen Arndt Leininger und ich in unserem Beitrag zu Deutschland ein, der im Sammelband zu &#8222;W\u00e4hlen mit 16&#8220; von Jan Eichhorn und Johannes Bergh &#8222;Lowering the Voting Age to 16: Learning from Real Experiences Worldwide&#8220; erschienen ist.<\/p>\n\n\n\n<ul class=\"wp-block-list\"><li>Arndt Leininger, Thorsten Faas: Votes at 16 in Germany: Examining Subnational Variation, in: Jan Eichhorn, Johannes Bergh (Hrsg.):\u00a0<em>Lowering the Voting Age to 16: Learning from Real Experiences Worldwide<\/em>, Basingstoke: Palgrave, 2020, S. 143\u2013166.<\/li><\/ul>\n\n\n\n<figure class=\"wp-block-image size-large\"><img loading=\"lazy\" decoding=\"async\" width=\"756\" height=\"756\" src=\"https:\/\/www.thorstenfaas.de\/wp-content\/uploads\/2020\/05\/ALTFVoting162.jpg\" alt=\"\" class=\"wp-image-2934\" srcset=\"https:\/\/www.thorstenfaas.de\/wp-content\/uploads\/2020\/05\/ALTFVoting162.jpg 756w, https:\/\/www.thorstenfaas.de\/wp-content\/uploads\/2020\/05\/ALTFVoting162-300x300.jpg 300w, https:\/\/www.thorstenfaas.de\/wp-content\/uploads\/2020\/05\/ALTFVoting162-150x150.jpg 150w\" sizes=\"auto, (max-width: 756px) 100vw, 756px\" \/><\/figure>\n","protected":false},"excerpt":{"rendered":"<p>Ob man das Wahlalter absenken sollte oder nicht, ist eine offenkundig weltweit umstrittene Frage. Zumindest deuten die unterschiedlichen Praktiken darauf hin, die in Deutschland auch auf subnationaler Ebene zu beobachten sind: In manchen L\u00e4ndern d\u00fcrfen 16-J\u00e4hrige (und 17-J\u00e4hrige) bei Kommunal- und Landtagswahlen w\u00e4hlen, in anderen nur bei Kommunalwahlen, in anderen wiederum gar nicht. Auf diese [&hellip;]<\/p>\n","protected":false},"author":2,"featured_media":0,"comment_status":"closed","ping_status":"open","sticky":false,"template":"","format":"standard","meta":{"footnotes":""},"categories":[1],"tags":[],"class_list":["post-2933","post","type-post","status-publish","format-standard","hentry","category-allgemein"],"_links":{"self":[{"href":"https:\/\/www.thorstenfaas.de\/index.php?rest_route=\/wp\/v2\/posts\/2933","targetHints":{"allow":["GET"]}}],"collection":[{"href":"https:\/\/www.thorstenfaas.de\/index.php?rest_route=\/wp\/v2\/posts"}],"about":[{"href":"https:\/\/www.thorstenfaas.de\/index.php?rest_route=\/wp\/v2\/types\/post"}],"author":[{"embeddable":true,"href":"https:\/\/www.thorstenfaas.de\/index.php?rest_route=\/wp\/v2\/users\/2"}],"replies":[{"embeddable":true,"href":"https:\/\/www.thorstenfaas.de\/index.php?rest_route=%2Fwp%2Fv2%2Fcomments&post=2933"}],"version-history":[{"count":0,"href":"https:\/\/www.thorstenfaas.de\/index.php?rest_route=\/wp\/v2\/posts\/2933\/revisions"}],"wp:attachment":[{"href":"https:\/\/www.thorstenfaas.de\/index.php?rest_route=%2Fwp%2Fv2%2Fmedia&parent=2933"}],"wp:term":[{"taxonomy":"category","embeddable":true,"href":"https:\/\/www.thorstenfaas.de\/index.php?rest_route=%2Fwp%2Fv2%2Fcategories&post=2933"},{"taxonomy":"post_tag","embeddable":true,"href":"https:\/\/www.thorstenfaas.de\/index.php?rest_route=%2Fwp%2Fv2%2Ftags&post=2933"}],"curies":[{"name":"wp","href":"https:\/\/api.w.org\/{rel}","templated":true}]}}