{"id":297,"date":"2009-03-27T10:09:55","date_gmt":"2009-03-27T09:09:55","guid":{"rendered":"http:\/\/www.thorsten-faas.de\/?p=297"},"modified":"2009-03-28T00:14:06","modified_gmt":"2009-03-27T23:14:06","slug":"neuer-beitrag-auf-wahlen-nach-zahlen-die-wahre-dimension-von-arbeitslosigkeit-und-ihre-folgen","status":"publish","type":"post","link":"https:\/\/www.thorstenfaas.de\/?p=297","title":{"rendered":"Neuer Beitrag auf Wahlen-nach-Zahlen: Die wahre Dimension von Arbeitslosigkeit und ihre Folgen"},"content":{"rendered":"<p><img decoding=\"async\" class=\"alignleft size-medium wp-image-280\" style=\"border: solid 1px #AAAAAA\" title=\"wahlen-nach-zahlen\" src=\"http:\/\/www.thorstenfaas.de\/wp-content\/uploads\/2009\/03\/wahlen-nach-zahlen.jpg\" alt=\"\" width=\"130\" \/>Unter <a href=\"http:\/\/blog.zeit.de\/wahlen-nach-zahlen\" target=\"_new\">Wahlen-nach-Zahlen<\/a> gibt es einen neuen Artikel von mir: Die wahre Dimension der Arbeitslosigkeit und ihre Folgen (<a href=\"http:\/\/blog.zeit.de\/wahlen-nach-zahlen\/2009\/03\/27\/die-wahre-dimension-der-arbeitslosigkeit-und-ihre-folgen_244\">Permalink<\/a>). Es ist ein ganz kleiner Auszug von Ideen aus meiner Dissertation, die in K\u00fcrze in Buchform erscheinen wird.<br \/>\n<i>Alle Beitr\u00e4ge des Blogs gibt es <a href=\"http:\/\/blog.zeit.de\/wahlen-nach-zahlen\/\" target=\"_blank\">hier<\/a>.<br \/>\nMeine Beitr\u00e4ge finden sich <a href=\"http:\/\/blog.zeit.de\/wahlen-nach-zahlen\/author\/tfaas\" target=\"_blank\">hier<\/a>.<br \/>\nDen RSS-Feed zum Blog gibt es <a href=\"http:\/\/blog.zeit.de\/wahlen-nach-zahlen\/?feed=rss2\" target=\"_blank\">hier<\/a>.<\/i><\/p>\n","protected":false},"excerpt":{"rendered":"<p>Unter Wahlen-nach-Zahlen gibt es einen neuen Artikel von mir: Die wahre Dimension der Arbeitslosigkeit und ihre Folgen (Permalink). Es ist ein ganz kleiner Auszug von Ideen aus meiner Dissertation, die in K\u00fcrze in Buchform erscheinen wird. Alle Beitr\u00e4ge des Blogs gibt es hier. Meine Beitr\u00e4ge finden sich hier. Den RSS-Feed zum Blog gibt es hier.<\/p>\n","protected":false},"author":2,"featured_media":0,"comment_status":"open","ping_status":"open","sticky":false,"template":"","format":"standard","meta":{"footnotes":""},"categories":[53,34,35],"tags":[],"class_list":["post-297","post","type-post","status-publish","format-standard","hentry","category-arbeitslosigkeit","category-forschung","category-publikationen-forschung"],"_links":{"self":[{"href":"https:\/\/www.thorstenfaas.de\/index.php?rest_route=\/wp\/v2\/posts\/297","targetHints":{"allow":["GET"]}}],"collection":[{"href":"https:\/\/www.thorstenfaas.de\/index.php?rest_route=\/wp\/v2\/posts"}],"about":[{"href":"https:\/\/www.thorstenfaas.de\/index.php?rest_route=\/wp\/v2\/types\/post"}],"author":[{"embeddable":true,"href":"https:\/\/www.thorstenfaas.de\/index.php?rest_route=\/wp\/v2\/users\/2"}],"replies":[{"embeddable":true,"href":"https:\/\/www.thorstenfaas.de\/index.php?rest_route=%2Fwp%2Fv2%2Fcomments&post=297"}],"version-history":[{"count":0,"href":"https:\/\/www.thorstenfaas.de\/index.php?rest_route=\/wp\/v2\/posts\/297\/revisions"}],"wp:attachment":[{"href":"https:\/\/www.thorstenfaas.de\/index.php?rest_route=%2Fwp%2Fv2%2Fmedia&parent=297"}],"wp:term":[{"taxonomy":"category","embeddable":true,"href":"https:\/\/www.thorstenfaas.de\/index.php?rest_route=%2Fwp%2Fv2%2Fcategories&post=297"},{"taxonomy":"post_tag","embeddable":true,"href":"https:\/\/www.thorstenfaas.de\/index.php?rest_route=%2Fwp%2Fv2%2Ftags&post=297"}],"curies":[{"name":"wp","href":"https:\/\/api.w.org\/{rel}","templated":true}]}}