{"id":3042,"date":"2019-09-03T21:43:00","date_gmt":"2019-09-03T20:43:00","guid":{"rendered":"https:\/\/www.thorstenfaas.de\/?p=3042"},"modified":"2020-05-21T21:45:06","modified_gmt":"2020-05-21T20:45:06","slug":"jugendwahlstudie-2019-zu-den-landtagswahlen-in-sachsen-und-brandenburg","status":"publish","type":"post","link":"https:\/\/www.thorstenfaas.de\/?p=3042","title":{"rendered":"&#8222;Jugendwahlstudie 2019&#8220; zu den Landtagswahlen in Sachsen und Brandenburg"},"content":{"rendered":"\n<p>Im Rahmen der Jugendwahlstudie 2019 f\u00fchren Arndt Leininger und ich gerade an der Freien Universit\u00e4t Berlin eine Online-Befragung junger Menschen zu den Landtagswahlen in Sachsen und Brandenburg durch. Dar\u00fcber, wie junge Menschen heute zu Wahlen und W\u00e4hlen stehen, ist n\u00e4mlich bisher noch wenig bekannt. Hier setzt unsere Studie an, die 15- bis 25-J\u00e4hrige in verschiedenen Gemeinden in Brandenburg und Sachsen genau dazu befragt. Uns interessieren vor allem junge Menschen, weil bei der Landtagswahl in Brandenburg auch 16- und 17-J\u00e4hrige w\u00e4hlen durften, w\u00e4hrend in Sachsen das Mindestwahlalter bei 18 Jahren lag. Daraus ergibt sich die besondere Gelegenheit, in zwei unmittelbar benachbarten Bundesl\u00e4ndern die politischen Einstellungen wahlberechtigter 16- und 17-J\u00e4hriger in Brandenburg mit denen nicht-wahlberechtigter gleichaltriger Jugendlicher in Sachsen zu vergleichen. Das Projekt soll somit einen wissenschaftlichen, aber auch politisch-praktisch relevanten Beitrag zum besseren Verst\u00e4ndnis der Voraussetzungen und Folgen von Wahlaltersreduktionen leisten. Das Projekt wird gef\u00f6rdert durch die\u00a0<a href=\"https:\/\/www.otto-brenner-stiftung.de\/\">Otto Brenner Stiftung<\/a>. Im Sinne einer Jugendwahlstudie soll das Projekt zudem dazu beitragen, junge Menschen st\u00e4rker in den Fokus der Wahlforschung, aber auch von Politik und Medien zu r\u00fccken. Die Ergebnisse der Studie werden in einem Arbeitsheft der Otto-Brenner-Stiftung im Fr\u00fchjahr 2020 publiziert werden.<\/p>\n","protected":false},"excerpt":{"rendered":"<p>Im Rahmen der Jugendwahlstudie 2019 f\u00fchren Arndt Leininger und ich gerade an der Freien Universit\u00e4t Berlin eine Online-Befragung junger Menschen zu den Landtagswahlen in Sachsen und Brandenburg durch. Dar\u00fcber, wie junge Menschen heute zu Wahlen und W\u00e4hlen stehen, ist n\u00e4mlich bisher noch wenig bekannt. Hier setzt unsere Studie an, die 15- bis 25-J\u00e4hrige in verschiedenen [&hellip;]<\/p>\n","protected":false},"author":2,"featured_media":0,"comment_status":"closed","ping_status":"open","sticky":false,"template":"","format":"standard","meta":{"footnotes":""},"categories":[1],"tags":[],"class_list":["post-3042","post","type-post","status-publish","format-standard","hentry","category-allgemein"],"_links":{"self":[{"href":"https:\/\/www.thorstenfaas.de\/index.php?rest_route=\/wp\/v2\/posts\/3042","targetHints":{"allow":["GET"]}}],"collection":[{"href":"https:\/\/www.thorstenfaas.de\/index.php?rest_route=\/wp\/v2\/posts"}],"about":[{"href":"https:\/\/www.thorstenfaas.de\/index.php?rest_route=\/wp\/v2\/types\/post"}],"author":[{"embeddable":true,"href":"https:\/\/www.thorstenfaas.de\/index.php?rest_route=\/wp\/v2\/users\/2"}],"replies":[{"embeddable":true,"href":"https:\/\/www.thorstenfaas.de\/index.php?rest_route=%2Fwp%2Fv2%2Fcomments&post=3042"}],"version-history":[{"count":0,"href":"https:\/\/www.thorstenfaas.de\/index.php?rest_route=\/wp\/v2\/posts\/3042\/revisions"}],"wp:attachment":[{"href":"https:\/\/www.thorstenfaas.de\/index.php?rest_route=%2Fwp%2Fv2%2Fmedia&parent=3042"}],"wp:term":[{"taxonomy":"category","embeddable":true,"href":"https:\/\/www.thorstenfaas.de\/index.php?rest_route=%2Fwp%2Fv2%2Fcategories&post=3042"},{"taxonomy":"post_tag","embeddable":true,"href":"https:\/\/www.thorstenfaas.de\/index.php?rest_route=%2Fwp%2Fv2%2Ftags&post=3042"}],"curies":[{"name":"wp","href":"https:\/\/api.w.org\/{rel}","templated":true}]}}