{"id":306,"date":"2009-03-27T14:53:53","date_gmt":"2009-03-27T13:53:53","guid":{"rendered":"http:\/\/www.thorsten-faas.de\/?p=306"},"modified":"2009-03-27T15:19:20","modified_gmt":"2009-03-27T14:19:20","slug":"bericht-zur-tagung-kennt-die-wahlforschung-noch-den-wahler-erschienen","status":"publish","type":"post","link":"https:\/\/www.thorstenfaas.de\/?p=306","title":{"rendered":"Bericht zur Tagung &#8222;Kennt die Wahlforschung noch den W\u00e4hler?&#8220; erschienen"},"content":{"rendered":"<p><a href=\"http:\/\/www.thorstenfaas.de\/wp-content\/uploads\/2009\/03\/cap1.jpg\"><img loading=\"lazy\" decoding=\"async\" class=\"alignleft size-medium wp-image-326\" title=\"cap1\" src=\"http:\/\/www.thorstenfaas.de\/wp-content\/uploads\/2009\/03\/cap1.jpg\" alt=\"\" width=\"132\" height=\"40\" style=\"border: solid 1px #AAAAAA\"\/><\/a>Soeben ist der <a href=\"http:\/\/www.thorstenfaas.de\/wp-content\/uploads\/2009\/03\/cap_tagungsbericht.pdf\">Bericht zur Tagung<\/a> &#8222;Kennt die Wahlforschung noch den W\u00e4hler? Methoden und Befunde&#8220; erschienen, die im Februar am CAP in M\u00fcnchen stattgefunden hat. Darin hei\u00dft es u.a.:<br \/>\n<i>Zu Beginn des \u201eSuperwahljahres\u201c 2009 veranstaltete die Forschungsgruppe Deutschland des Centrums f\u00fcr angewandte Politikforschung (C\u00b7A\u00b7P) in Kooperation mit der Konrad-Adenauer-Stiftung (KAS) und der Hanns-Seidel-Stiftung am 12. und 13. Februar einen Workshop mit dem Titel \u201eKennt die Wahlforschung noch den W\u00e4hler?\u201c Unter dem noch frischen Eindruck der zur\u00fcckliegenden Landtagswahlen in Bayern und Hessen gingen die etwa 30 Teilnehmer aus Wissenschaft und Praxis der Frage nach, ob die g\u00e4ngigen Instrumente der Wahlforschung noch geeignet sind, um die Motive und Absichten der W\u00e4hler nachzuvollziehen. Weitere inhaltliche Schwerpunkte waren neue Formen der politischen Kommunikation, der Umgang mit Umfragedaten und das Problem des Datenschutzes im Bereich der Wahlforschung und der W\u00e4hlermobilisierung.<\/i><br \/>\nIch habe dort einen Vortrag mit dem Titel &#8222;Direkte W\u00e4hleransprache im Lichte der Wahlforschung&#8220; gehalten; die Folien dazu gibt es hier als <a href=\"http:\/\/www.thorstenfaas.de\/wp-content\/uploads\/2009\/03\/direktewahleransprache.pdf\">PDF<\/a> oder direkt hier als Flash-Animation:<\/p>\n<div align=\"center\">\n<div id=\"__ss_1210274\" style=\"width: 425px; text-align: left;\"><a style=\"font:14px Helvetica,Arial,Sans-serif;display:block;margin:12px 0 3px 0;text-decoration:underline;\" title=\"Direkte_Waehleransprache\" href=\"http:\/\/www.slideshare.net\/tfaas\/direktewaehleransprache?type=powerpoint\">Direkte W\u00e4hleransprache<\/a><object classid=\"clsid:d27cdb6e-ae6d-11cf-96b8-444553540000\" width=\"425\" height=\"330\" codebase=\"http:\/\/download.macromedia.com\/pub\/shockwave\/cabs\/flash\/swflash.cab#version=6,0,40,0\"><param name=\"allowFullScreen\" value=\"true\" \/><param name=\"allowScriptAccess\" value=\"always\" \/><param name=\"src\" value=\"http:\/\/static.slidesharecdn.com\/swf\/ssplayer2.swf?doc=direktewhleransprache-090327084838-phpapp01&amp;rel=0&amp;stripped_title=direktewaehleransprache\" \/><embed type=\"application\/x-shockwave-flash\" width=\"300\" height=\"250\" src=\"http:\/\/static.slidesharecdn.com\/swf\/ssplayer2.swf?doc=direktewhleransprache-090327084838-phpapp01&amp;rel=0&amp;stripped_title=direktewaehleransprache\" allowscriptaccess=\"always\" allowfullscreen=\"true\"><\/embed><\/object><\/p>\n<div style=\"font-size: 11px; font-family: tahoma,arial; height: 26px; padding-top: 2px;\">View more <a style=\"text-decoration:underline;\" href=\"http:\/\/www.slideshare.net\/\">presentations<\/a> from <a style=\"text-decoration:underline;\" href=\"http:\/\/www.slideshare.net\/tfaas\">Thorsten Faas<\/a>.<\/div>\n<\/div>\n<\/div>\n","protected":false},"excerpt":{"rendered":"<p>Soeben ist der Bericht zur Tagung &#8222;Kennt die Wahlforschung noch den W\u00e4hler? Methoden und Befunde&#8220; erschienen, die im Februar am CAP in M\u00fcnchen stattgefunden hat. Darin hei\u00dft es u.a.: Zu Beginn des \u201eSuperwahljahres\u201c 2009 veranstaltete die Forschungsgruppe Deutschland des Centrums f\u00fcr angewandte Politikforschung (C\u00b7A\u00b7P) in Kooperation mit der Konrad-Adenauer-Stiftung (KAS) und der Hanns-Seidel-Stiftung am 12. [&hellip;]<\/p>\n","protected":false},"author":2,"featured_media":0,"comment_status":"open","ping_status":"open","sticky":false,"template":"","format":"standard","meta":{"footnotes":""},"categories":[54,36,45],"tags":[],"class_list":["post-306","post","type-post","status-publish","format-standard","hentry","category-direkte-wahleransprache","category-vortrage-forschung","category-wahlkampf"],"_links":{"self":[{"href":"https:\/\/www.thorstenfaas.de\/index.php?rest_route=\/wp\/v2\/posts\/306","targetHints":{"allow":["GET"]}}],"collection":[{"href":"https:\/\/www.thorstenfaas.de\/index.php?rest_route=\/wp\/v2\/posts"}],"about":[{"href":"https:\/\/www.thorstenfaas.de\/index.php?rest_route=\/wp\/v2\/types\/post"}],"author":[{"embeddable":true,"href":"https:\/\/www.thorstenfaas.de\/index.php?rest_route=\/wp\/v2\/users\/2"}],"replies":[{"embeddable":true,"href":"https:\/\/www.thorstenfaas.de\/index.php?rest_route=%2Fwp%2Fv2%2Fcomments&post=306"}],"version-history":[{"count":0,"href":"https:\/\/www.thorstenfaas.de\/index.php?rest_route=\/wp\/v2\/posts\/306\/revisions"}],"wp:attachment":[{"href":"https:\/\/www.thorstenfaas.de\/index.php?rest_route=%2Fwp%2Fv2%2Fmedia&parent=306"}],"wp:term":[{"taxonomy":"category","embeddable":true,"href":"https:\/\/www.thorstenfaas.de\/index.php?rest_route=%2Fwp%2Fv2%2Fcategories&post=306"},{"taxonomy":"post_tag","embeddable":true,"href":"https:\/\/www.thorstenfaas.de\/index.php?rest_route=%2Fwp%2Fv2%2Ftags&post=306"}],"curies":[{"name":"wp","href":"https:\/\/api.w.org\/{rel}","templated":true}]}}