{"id":3211,"date":"2021-05-28T11:48:53","date_gmt":"2021-05-28T10:48:53","guid":{"rendered":"https:\/\/www.thorstenfaas.de\/?p=3211"},"modified":"2022-10-23T11:49:35","modified_gmt":"2022-10-23T10:49:35","slug":"waehlen-mit-16-beitrag-in-parlamentarische-demokratie-heute-und-morgen","status":"publish","type":"post","link":"https:\/\/www.thorstenfaas.de\/?p=3211","title":{"rendered":"\u201eW\u00e4hlen mit 16\u201c \u2013 Beitrag in \u201eParlamentarische Demokratie heute und morgen\u201c"},"content":{"rendered":"<p>Welchen Herausforderungen m\u00fcssen sich moderne Parlamente stellen, was k\u00f6nnen und was sollen sie leisten? Mit dieser Frage besch\u00e4ftigt sich der Band \u201eParlamentarische Demokratie heute und morgen\u201c, den der Pr\u00e4sident des Landtags Rheinland-Pfalz j\u00fcngst herausgegeben hat und in dem sich Beitr\u00e4ge von u.a. von Wolfgang Sch\u00e4uble, Frank Decker, Martin Emmer, Mirko Drotschmann, Marina Weisband, Renate K\u00fcnast, Malu Dreyer und Jean Asselborn. Auch wir sind mit einem Beitrag vertreten, und zwar zum Thema \u201eW\u00e4hlen mit 16\u201c. Thorsten Faas, Anton K\u00f6nneke und Arndt Leininger pr\u00e4sentieren Ergebnisse aus der Jugendwahlstudie 2019, insbesondere mit Blick auf die Wahlbeteiligung, das politische Interesse und das Wissen junger Menschen.<\/p>\n<p>Mehr Infos <a href=\"https:\/\/www.wochenschau-verlag.de\/Parlamentarische-Demokratie-heute-und-morgen\/41273\">hier<\/a>.<\/p>\n","protected":false},"excerpt":{"rendered":"<p>Welchen Herausforderungen m\u00fcssen sich moderne Parlamente stellen, was k\u00f6nnen und was sollen sie leisten? Mit dieser Frage besch\u00e4ftigt sich der Band \u201eParlamentarische Demokratie heute und morgen\u201c, den der Pr\u00e4sident des Landtags Rheinland-Pfalz j\u00fcngst herausgegeben hat und in dem sich Beitr\u00e4ge von u.a. von Wolfgang Sch\u00e4uble, Frank Decker, Martin Emmer, Mirko Drotschmann, Marina Weisband, Renate K\u00fcnast, [&hellip;]<\/p>\n","protected":false},"author":2,"featured_media":0,"comment_status":"closed","ping_status":"open","sticky":false,"template":"","format":"standard","meta":{"footnotes":""},"categories":[1],"tags":[],"class_list":["post-3211","post","type-post","status-publish","format-standard","hentry","category-allgemein"],"_links":{"self":[{"href":"https:\/\/www.thorstenfaas.de\/index.php?rest_route=\/wp\/v2\/posts\/3211","targetHints":{"allow":["GET"]}}],"collection":[{"href":"https:\/\/www.thorstenfaas.de\/index.php?rest_route=\/wp\/v2\/posts"}],"about":[{"href":"https:\/\/www.thorstenfaas.de\/index.php?rest_route=\/wp\/v2\/types\/post"}],"author":[{"embeddable":true,"href":"https:\/\/www.thorstenfaas.de\/index.php?rest_route=\/wp\/v2\/users\/2"}],"replies":[{"embeddable":true,"href":"https:\/\/www.thorstenfaas.de\/index.php?rest_route=%2Fwp%2Fv2%2Fcomments&post=3211"}],"version-history":[{"count":0,"href":"https:\/\/www.thorstenfaas.de\/index.php?rest_route=\/wp\/v2\/posts\/3211\/revisions"}],"wp:attachment":[{"href":"https:\/\/www.thorstenfaas.de\/index.php?rest_route=%2Fwp%2Fv2%2Fmedia&parent=3211"}],"wp:term":[{"taxonomy":"category","embeddable":true,"href":"https:\/\/www.thorstenfaas.de\/index.php?rest_route=%2Fwp%2Fv2%2Fcategories&post=3211"},{"taxonomy":"post_tag","embeddable":true,"href":"https:\/\/www.thorstenfaas.de\/index.php?rest_route=%2Fwp%2Fv2%2Ftags&post=3211"}],"curies":[{"name":"wp","href":"https:\/\/api.w.org\/{rel}","templated":true}]}}