{"id":3246,"date":"2021-09-14T13:46:50","date_gmt":"2021-09-14T12:46:50","guid":{"rendered":"https:\/\/www.thorstenfaas.de\/?p=3246"},"modified":"2022-10-23T13:50:43","modified_gmt":"2022-10-23T12:50:43","slug":"faas-wagner-buerger-staat","status":"publish","type":"post","link":"https:\/\/www.thorstenfaas.de\/?p=3246","title":{"rendered":"Faas &#038; Wagner @ B\u00fcrger &#038; Staat"},"content":{"rendered":"<p>Aiko Wagner u ich haben im neuen &#8222;B\u00fcrger&amp;Staat&#8220; der baden-w\u00fcrttembergischen Landeszentrale f\u00fcr poltische Bildung etwas &#8211; sehr lesenswertes (!) &#8211; \u00fcber &#8222;Wahlforschung und ihre Instrumente&#8220; geschrieben.<br \/>\n<a href=\"https:\/\/www.buergerundstaat.de\/3_21\/bundestagswahl_2021.pdf\">https:\/\/www.buergerundstaat.de\/3_21\/bundestagswahl_2021.pdf<\/a><\/p>\n<p>Unter anderem kritisieren wir darin den demoskopischen Verteilungsfetischimsus&#8230;<\/p>\n<p>&nbsp;<\/p>\n<p><img loading=\"lazy\" decoding=\"async\" class=\"size-full wp-image-3247 aligncenter\" src=\"https:\/\/www.thorstenfaas.de\/wp-content\/uploads\/2022\/10\/verteilungen.png\" alt=\"\" width=\"439\" height=\"466\" srcset=\"https:\/\/www.thorstenfaas.de\/wp-content\/uploads\/2022\/10\/verteilungen.png 439w, https:\/\/www.thorstenfaas.de\/wp-content\/uploads\/2022\/10\/verteilungen-283x300.png 283w\" sizes=\"auto, (max-width: 439px) 100vw, 439px\" \/><\/p>\n","protected":false},"excerpt":{"rendered":"<p>Aiko Wagner u ich haben im neuen &#8222;B\u00fcrger&amp;Staat&#8220; der baden-w\u00fcrttembergischen Landeszentrale f\u00fcr poltische Bildung etwas &#8211; sehr lesenswertes (!) &#8211; \u00fcber &#8222;Wahlforschung und ihre Instrumente&#8220; geschrieben. https:\/\/www.buergerundstaat.de\/3_21\/bundestagswahl_2021.pdf Unter anderem kritisieren wir darin den demoskopischen Verteilungsfetischimsus&#8230; &nbsp;<\/p>\n","protected":false},"author":2,"featured_media":0,"comment_status":"closed","ping_status":"open","sticky":false,"template":"","format":"standard","meta":{"footnotes":""},"categories":[1],"tags":[],"class_list":["post-3246","post","type-post","status-publish","format-standard","hentry","category-allgemein"],"_links":{"self":[{"href":"https:\/\/www.thorstenfaas.de\/index.php?rest_route=\/wp\/v2\/posts\/3246","targetHints":{"allow":["GET"]}}],"collection":[{"href":"https:\/\/www.thorstenfaas.de\/index.php?rest_route=\/wp\/v2\/posts"}],"about":[{"href":"https:\/\/www.thorstenfaas.de\/index.php?rest_route=\/wp\/v2\/types\/post"}],"author":[{"embeddable":true,"href":"https:\/\/www.thorstenfaas.de\/index.php?rest_route=\/wp\/v2\/users\/2"}],"replies":[{"embeddable":true,"href":"https:\/\/www.thorstenfaas.de\/index.php?rest_route=%2Fwp%2Fv2%2Fcomments&post=3246"}],"version-history":[{"count":0,"href":"https:\/\/www.thorstenfaas.de\/index.php?rest_route=\/wp\/v2\/posts\/3246\/revisions"}],"wp:attachment":[{"href":"https:\/\/www.thorstenfaas.de\/index.php?rest_route=%2Fwp%2Fv2%2Fmedia&parent=3246"}],"wp:term":[{"taxonomy":"category","embeddable":true,"href":"https:\/\/www.thorstenfaas.de\/index.php?rest_route=%2Fwp%2Fv2%2Fcategories&post=3246"},{"taxonomy":"post_tag","embeddable":true,"href":"https:\/\/www.thorstenfaas.de\/index.php?rest_route=%2Fwp%2Fv2%2Ftags&post=3246"}],"curies":[{"name":"wp","href":"https:\/\/api.w.org\/{rel}","templated":true}]}}