{"id":3265,"date":"2021-10-01T14:36:48","date_gmt":"2021-10-01T13:36:48","guid":{"rendered":"https:\/\/www.thorstenfaas.de\/?p=3265"},"modified":"2022-10-23T14:37:34","modified_gmt":"2022-10-23T13:37:34","slug":"post-election-demokratie-um-12-pandemie-parolen-positionen","status":"publish","type":"post","link":"https:\/\/www.thorstenfaas.de\/?p=3265","title":{"rendered":"Post-Election Demokratie um 12: Pandemie, Parolen, Positionen"},"content":{"rendered":"<p>Am 06. Oktober 2021 empfangen wir Sie zum zw\u00f6lften Lunchtalk &#8222;Demokratie um 12&#8220; wieder vor Ort in der Landesvertretung Rheinland-Pfalz. Unsere Expert:innen ordnen die Ergebnisse der Bundestagswahl am 26. September 2021 vor dem Hintergrund eines Ausnahmewahljahres ein. Kaum eine Wahl in der bundesrepublikanischen Geschichte brachte bisher so viel Unsicherheit mit sich.<\/p>\n<p>Die weltweite Pandemie, deren Folgen alle Lebensbereiche umfasst, sowie eine Flutkatastrophe, die Deutschland vor nicht geahnte Herausforderungen stellt, sind nur zwei der einschneidenden Ereignisse, die die W\u00e4hler:innen ihre Wahlentscheidung unter neuen Vorzeichen treffen lassen. Die \u00c4ra Merkel endet in einer Zeit, in der sich das globale Gef\u00fcge weiter ver\u00e4ndert und das gesellschaftliche Miteinander immer wieder gefordert wird.<\/p>\n<p>Die Unsicherheit spiegelt sich auch in den Umfragen wider: noch nie lagen die Parteien so nah beieinander, noch nie war der Wahlausgang so offen. Eine au\u00dfergew\u00f6hnliche Lage f\u00fcr die Parteien, in der es nicht nur auf Wahlprogramme und politische Positionen ankommt, sondern die Kandidat:innen f\u00fcr das Kanzleramt auch pers\u00f6nlich im medialen Fokus stehen.<\/p>\n<p>Zum Thema Pandemie, Parolen, Positionen &#8211; Was hat die Wahl 2021 entschieden? diskutiert Staatssekret\u00e4rin Heike Raab, Bevollm\u00e4chtigte des Landes beim Bund und f\u00fcr Europa und Medien,<\/p>\n<p>am 06. Oktober 2021, um 12.00 Uhr,<\/p>\n<p>in der Landesvertretung Rheinland-Pfalz,<br \/>\nIn den Ministerg\u00e4rten 6, 10117 Berlin<\/p>\n<p>mit unseren G\u00e4sten<\/p>\n<p>Kerstin M\u00fcnstermann, Rheinischen Post<\/p>\n<p>Janina M\u00fctze, Civey, und<\/p>\n<p>Prof. Dr. Thorsten Faas, Professor f\u00fcr Politische Soziologie der Bundesrepublik Deutschland, Freie Universit\u00e4t Berlin.<\/p>\n<p>Mit den Expert:innen aus Wissenschaft, Umfrageforschung und Medien sprechen wir dar\u00fcber, ob die vielschichtige Unsicherheit die W\u00e4hler:innen eher zum weiter so oder zu komplett neuen Wegen gef\u00fchrt hat. Welche waren die ausschlaggebenden Faktoren, die die Bundestagswahl 2021 entschieden haben? Welche Lehren aus dem zur\u00fcckliegenden Wahljahr waren aus Sicht der politischen Beobachter:innen besonders pr\u00e4gnant?<\/p>\n","protected":false},"excerpt":{"rendered":"<p>Am 06. Oktober 2021 empfangen wir Sie zum zw\u00f6lften Lunchtalk &#8222;Demokratie um 12&#8220; wieder vor Ort in der Landesvertretung Rheinland-Pfalz. Unsere Expert:innen ordnen die Ergebnisse der Bundestagswahl am 26. September 2021 vor dem Hintergrund eines Ausnahmewahljahres ein. Kaum eine Wahl in der bundesrepublikanischen Geschichte brachte bisher so viel Unsicherheit mit sich. Die weltweite Pandemie, deren [&hellip;]<\/p>\n","protected":false},"author":2,"featured_media":0,"comment_status":"closed","ping_status":"open","sticky":false,"template":"","format":"standard","meta":{"footnotes":""},"categories":[1],"tags":[],"class_list":["post-3265","post","type-post","status-publish","format-standard","hentry","category-allgemein"],"_links":{"self":[{"href":"https:\/\/www.thorstenfaas.de\/index.php?rest_route=\/wp\/v2\/posts\/3265","targetHints":{"allow":["GET"]}}],"collection":[{"href":"https:\/\/www.thorstenfaas.de\/index.php?rest_route=\/wp\/v2\/posts"}],"about":[{"href":"https:\/\/www.thorstenfaas.de\/index.php?rest_route=\/wp\/v2\/types\/post"}],"author":[{"embeddable":true,"href":"https:\/\/www.thorstenfaas.de\/index.php?rest_route=\/wp\/v2\/users\/2"}],"replies":[{"embeddable":true,"href":"https:\/\/www.thorstenfaas.de\/index.php?rest_route=%2Fwp%2Fv2%2Fcomments&post=3265"}],"version-history":[{"count":0,"href":"https:\/\/www.thorstenfaas.de\/index.php?rest_route=\/wp\/v2\/posts\/3265\/revisions"}],"wp:attachment":[{"href":"https:\/\/www.thorstenfaas.de\/index.php?rest_route=%2Fwp%2Fv2%2Fmedia&parent=3265"}],"wp:term":[{"taxonomy":"category","embeddable":true,"href":"https:\/\/www.thorstenfaas.de\/index.php?rest_route=%2Fwp%2Fv2%2Fcategories&post=3265"},{"taxonomy":"post_tag","embeddable":true,"href":"https:\/\/www.thorstenfaas.de\/index.php?rest_route=%2Fwp%2Fv2%2Ftags&post=3265"}],"curies":[{"name":"wp","href":"https:\/\/api.w.org\/{rel}","templated":true}]}}