{"id":3267,"date":"2021-09-28T14:37:45","date_gmt":"2021-09-28T13:37:45","guid":{"rendered":"https:\/\/www.thorstenfaas.de\/?p=3267"},"modified":"2022-10-23T14:38:07","modified_gmt":"2022-10-23T13:38:07","slug":"jugendwahlstudie-reloaded-2021-in-berlin-brandenburg-und-sachsen","status":"publish","type":"post","link":"https:\/\/www.thorstenfaas.de\/?p=3267","title":{"rendered":"Jugendwahlstudie reloaded: 2021 in Berlin, Brandenburg und Sachsen"},"content":{"rendered":"<p>Das Projekt kn\u00fcpft an die Jugendwahlstudie 2019, in deren Rahmen junge Menschen in Brandenburg und Sachsen nach den dortigen Landtagswahlen befragt wurden, an und setzt diese durch eine erneute Befragung der Teilnehmenden in Brandenburg und Sachsen im Nachgang der Bundestagswahl 2021 fort. Erg\u00e4nzend wird gleichzeitig eine weitere registergest\u00fctzte Befragung in Berlin durchgef\u00fchrt. Im Bundesland Berlin werden gleichzeitig zur Bundestagswahl Landtags- und Bezirkswahlen, sowie ein Volksentscheid stattfinden. F\u00fcr die Bezirkswahlen gilt ein Wahlalter von 16 Jahren. Ausgangspunkt des Projekts ist die Debatte um eine Absenkung des Wahlalters von 18 auf 16 Jahren, die in der \u00f6ffentlichen, aber auch der wissenschaftlichen Debatte kontrovers diskutiert wird. Das Forschungsprojekt widmet sich daher umfassend den politischen Einstellungen und dem politischen Verhalten junger Menschen.<\/p>\n","protected":false},"excerpt":{"rendered":"<p>Das Projekt kn\u00fcpft an die Jugendwahlstudie 2019, in deren Rahmen junge Menschen in Brandenburg und Sachsen nach den dortigen Landtagswahlen befragt wurden, an und setzt diese durch eine erneute Befragung der Teilnehmenden in Brandenburg und Sachsen im Nachgang der Bundestagswahl 2021 fort. Erg\u00e4nzend wird gleichzeitig eine weitere registergest\u00fctzte Befragung in Berlin durchgef\u00fchrt. Im Bundesland Berlin [&hellip;]<\/p>\n","protected":false},"author":2,"featured_media":0,"comment_status":"closed","ping_status":"open","sticky":false,"template":"","format":"standard","meta":{"footnotes":""},"categories":[1],"tags":[],"class_list":["post-3267","post","type-post","status-publish","format-standard","hentry","category-allgemein"],"_links":{"self":[{"href":"https:\/\/www.thorstenfaas.de\/index.php?rest_route=\/wp\/v2\/posts\/3267","targetHints":{"allow":["GET"]}}],"collection":[{"href":"https:\/\/www.thorstenfaas.de\/index.php?rest_route=\/wp\/v2\/posts"}],"about":[{"href":"https:\/\/www.thorstenfaas.de\/index.php?rest_route=\/wp\/v2\/types\/post"}],"author":[{"embeddable":true,"href":"https:\/\/www.thorstenfaas.de\/index.php?rest_route=\/wp\/v2\/users\/2"}],"replies":[{"embeddable":true,"href":"https:\/\/www.thorstenfaas.de\/index.php?rest_route=%2Fwp%2Fv2%2Fcomments&post=3267"}],"version-history":[{"count":0,"href":"https:\/\/www.thorstenfaas.de\/index.php?rest_route=\/wp\/v2\/posts\/3267\/revisions"}],"wp:attachment":[{"href":"https:\/\/www.thorstenfaas.de\/index.php?rest_route=%2Fwp%2Fv2%2Fmedia&parent=3267"}],"wp:term":[{"taxonomy":"category","embeddable":true,"href":"https:\/\/www.thorstenfaas.de\/index.php?rest_route=%2Fwp%2Fv2%2Fcategories&post=3267"},{"taxonomy":"post_tag","embeddable":true,"href":"https:\/\/www.thorstenfaas.de\/index.php?rest_route=%2Fwp%2Fv2%2Ftags&post=3267"}],"curies":[{"name":"wp","href":"https:\/\/api.w.org\/{rel}","templated":true}]}}