{"id":3391,"date":"2022-12-01T08:35:30","date_gmt":"2022-12-01T07:35:30","guid":{"rendered":"https:\/\/www.thorstenfaas.de\/?p=3391"},"modified":"2022-12-04T08:36:49","modified_gmt":"2022-12-04T07:36:49","slug":"unter3-otto-fricke","status":"publish","type":"post","link":"https:\/\/www.thorstenfaas.de\/?p=3391","title":{"rendered":"#unter3, Otto Fricke"},"content":{"rendered":"<div class=\"_a9zs\"><span class=\"_aacl _aaco _aacu _aacx _aad7 _aade\">Otto Fricke geh\u00f6rt nicht nur schon seit 2002 dem Deutschen Bundestag an, sondern ist auch bereits seitdem Mitglied des Haushaltsausschusses. Der \u201eZahlenmensch\u201c ist zu Gast in der neuesten Folge von <a class=\"x1i10hfl xjbqb8w x6umtig x1b1mbwd xaqea5y xav7gou x9f619 x1ypdohk xt0psk2 xe8uvvx xdj266r x11i5rnm xat24cr x1mh8g0r xexx8yu x4uap5 x18d9i69 xkhd6sd x16tdsg8 x1hl2dhg xggy1nq x1a2a7pz  _aa9_ _a6hd\" tabindex=\"0\" role=\"link\" href=\"https:\/\/www.instagram.com\/explore\/tags\/unter3\/?next=%2F\">#unter3<\/a> mit <a class=\"x1i10hfl xjbqb8w x6umtig x1b1mbwd xaqea5y xav7gou x9f619 x1ypdohk xt0psk2 xe8uvvx xdj266r x11i5rnm xat24cr x1mh8g0r xexx8yu x4uap5 x18d9i69 xkhd6sd x16tdsg8 x1hl2dhg xggy1nq x1a2a7pz notranslate _a6hd\" tabindex=\"0\" role=\"link\" href=\"https:\/\/www.instagram.com\/erhard_s\/?next=%2F\">@erhard_s<\/a> <a class=\"x1i10hfl xjbqb8w x6umtig x1b1mbwd xaqea5y xav7gou x9f619 x1ypdohk xt0psk2 xe8uvvx xdj266r x11i5rnm xat24cr x1mh8g0r xexx8yu x4uap5 x18d9i69 xkhd6sd x16tdsg8 x1hl2dhg xggy1nq x1a2a7pz notranslate _a6hd\" tabindex=\"0\" role=\"link\" href=\"https:\/\/www.instagram.com\/phoenix\/?next=%2F\">@phoenix<\/a> und <a class=\"x1i10hfl xjbqb8w x6umtig x1b1mbwd xaqea5y xav7gou x9f619 x1ypdohk xt0psk2 xe8uvvx xdj266r x11i5rnm xat24cr x1mh8g0r xexx8yu x4uap5 x18d9i69 xkhd6sd x16tdsg8 x1hl2dhg xggy1nq x1a2a7pz notranslate _a6hd\" tabindex=\"0\" role=\"link\" href=\"https:\/\/www.instagram.com\/thorstenfaaswahlforschung\/?next=%2F\">@thorstenfaaswahlforschung<\/a> ???. Im Gespr\u00e4ch geht es nat\u00fcrlich um den am letzten Freitag verabschiedeten Etat der Bundesregierung f\u00fcr 2023, aber auch um die Arbeit und Aufgaben des Haushaltsausschusses und nat\u00fcrlich &#8211; wie fast immer &#8211; auch um Fu\u00dfball ???. <a href=\"https:\/\/www.phoenix.de\/sendungen\/gespraeche\/unter-3\/otto-fricke-im-phoenix-po-a-3009219.html\">H\u00f6rst Du hier<\/a>.<br \/>\n<\/span><\/div>\n<p><img loading=\"lazy\" decoding=\"async\" class=\" wp-image-3392 aligncenter\" src=\"https:\/\/www.thorstenfaas.de\/wp-content\/uploads\/2022\/12\/Zwischenablage01-1.png\" alt=\"\" width=\"460\" height=\"287\" srcset=\"https:\/\/www.thorstenfaas.de\/wp-content\/uploads\/2022\/12\/Zwischenablage01-1.png 828w, https:\/\/www.thorstenfaas.de\/wp-content\/uploads\/2022\/12\/Zwischenablage01-1-300x187.png 300w, https:\/\/www.thorstenfaas.de\/wp-content\/uploads\/2022\/12\/Zwischenablage01-1-768x480.png 768w\" sizes=\"auto, (max-width: 460px) 100vw, 460px\" \/><\/p>\n","protected":false},"excerpt":{"rendered":"<p>Otto Fricke geh\u00f6rt nicht nur schon seit 2002 dem Deutschen Bundestag an, sondern ist auch bereits seitdem Mitglied des Haushaltsausschusses. Der \u201eZahlenmensch\u201c ist zu Gast in der neuesten Folge von #unter3 mit @erhard_s @phoenix und @thorstenfaaswahlforschung ???. Im Gespr\u00e4ch geht es nat\u00fcrlich um den am letzten Freitag verabschiedeten Etat der Bundesregierung f\u00fcr 2023, aber auch [&hellip;]<\/p>\n","protected":false},"author":2,"featured_media":0,"comment_status":"closed","ping_status":"open","sticky":false,"template":"","format":"standard","meta":{"footnotes":""},"categories":[1],"tags":[],"class_list":["post-3391","post","type-post","status-publish","format-standard","hentry","category-allgemein"],"_links":{"self":[{"href":"https:\/\/www.thorstenfaas.de\/index.php?rest_route=\/wp\/v2\/posts\/3391","targetHints":{"allow":["GET"]}}],"collection":[{"href":"https:\/\/www.thorstenfaas.de\/index.php?rest_route=\/wp\/v2\/posts"}],"about":[{"href":"https:\/\/www.thorstenfaas.de\/index.php?rest_route=\/wp\/v2\/types\/post"}],"author":[{"embeddable":true,"href":"https:\/\/www.thorstenfaas.de\/index.php?rest_route=\/wp\/v2\/users\/2"}],"replies":[{"embeddable":true,"href":"https:\/\/www.thorstenfaas.de\/index.php?rest_route=%2Fwp%2Fv2%2Fcomments&post=3391"}],"version-history":[{"count":0,"href":"https:\/\/www.thorstenfaas.de\/index.php?rest_route=\/wp\/v2\/posts\/3391\/revisions"}],"wp:attachment":[{"href":"https:\/\/www.thorstenfaas.de\/index.php?rest_route=%2Fwp%2Fv2%2Fmedia&parent=3391"}],"wp:term":[{"taxonomy":"category","embeddable":true,"href":"https:\/\/www.thorstenfaas.de\/index.php?rest_route=%2Fwp%2Fv2%2Fcategories&post=3391"},{"taxonomy":"post_tag","embeddable":true,"href":"https:\/\/www.thorstenfaas.de\/index.php?rest_route=%2Fwp%2Fv2%2Ftags&post=3391"}],"curies":[{"name":"wp","href":"https:\/\/api.w.org\/{rel}","templated":true}]}}