{"id":3621,"date":"2025-02-22T14:58:48","date_gmt":"2025-02-22T13:58:48","guid":{"rendered":"https:\/\/www.thorstenfaas.de\/?p=3621"},"modified":"2025-05-17T14:59:50","modified_gmt":"2025-05-17T13:59:50","slug":"vorwahlcountdown-zur-btw25","status":"publish","type":"post","link":"https:\/\/www.thorstenfaas.de\/?p=3621","title":{"rendered":"Vorwahlcountdown zur #btw25"},"content":{"rendered":"<p>Im Vorfeld der Bundestagswahl habe ich mit verschiedenen Medien \u00fcber alles von Wahlbeteiligung \u00fcber taktisches W\u00e4hlen bis hin zu Social Media geredet.<\/p>\n<p>Zu den jeweiligen Beitr\u00e4gen kommen Sie hier: <a href=\"https:\/\/www.zdf.de\/nachrichten\/politik\/deutschland\/bundestagswahl-wahlbeteiligung-sachsen-anhalt-100.html\">ZDF<\/a>, <a href=\"https:\/\/www.deutschlandfunkkultur.de\/studio-9-der-tag-mit-thorsten-faas-100.html\">Deutschlandfunk Kultur<\/a>, <a href=\"https:\/\/www.br.de\/nachrichten\/deutschland-welt\/taktisch-waehlen-bundestagswahl-bedeutung-wie-sinnvoll,UaoM8iC\">BR24<\/a>, <a href=\"https:\/\/www.zeit.de\/politik\/deutschland\/2025-02\/verwaiste-wahlkreise-bundestagswahl-wahlrecht-abgeordnete-mandate\">Zeit online<\/a>, <a href=\"https:\/\/www.zdf.de\/gesellschaft\/volle-kanne\/volle-kanne-vom-18-februar-2025-mit-anna-fischer-100.html\">\u201eVolle Kanne\u201c im ZDF<\/a>, <a href=\"https:\/\/www.stuttgarter-zeitung.de\/inhalt.wahlumfragen-aussagekraft-mhsd.a02db4c7-d4be-4ea6-93b8-c108fcd90191.html\">Stuttgarter Zeitung<\/a>, <a href=\"https:\/\/www.rbb24.de\/politik\/wahl\/bundestag\/2025\/berlin-brandenburg-u18-wahl-parteien-thorsten-faas-interview.html\">rbb24<\/a>, <a href=\"https:\/\/www.deutschlandfunknova.de\/beitrag\/wahlverhalten-taktisches-waehlen-und-die-logik-von-umfragen\">Deutschlandfunk Nova<\/a>, <a href=\"https:\/\/www.zeit.de\/politik\/2025-02\/die-linke-bsw-bundestagswahl-prognose-thorsten-faas\">Zeit Podcast \u201eDas Politikteil\u201c<\/a>, <a href=\"https:\/\/www.deutschlandfunk.de\/bundestagswahl-umfragen-100.html\">Deutschlandfunk<\/a><a href=\"https:\/\/table.media\/berlin\/standpunkt\/bundestagswahl-das-vertrauen-ist-weg-in-parteien-und-personen\/\">, Table Briefing<\/a>, <a href=\"https:\/\/www.derstandard.de\/story\/3000000256703\/wahlforscher-faas-politik-geniesst-derzeit-kein-hohes-ansehen\">Standard<\/a>, <a href=\"https:\/\/www.mdr.de\/nachrichten\/deutschland\/politik\/neues-wahlrecht-bundestag-zweitstimmendeckung-folgen-fuer-linke-100.html\">MDR<\/a>, <a href=\"https:\/\/www.suedkurier.de\/ueberregional\/politik\/entzaubern-ist-sehr-schwierig-experte-ueber-koalitionen-mit-populisten;art410924,12316060\">S\u00fcdkurier<\/a>, <a href=\"https:\/\/www.deutschlandfunk.de\/demografie-bundestagswahl-wahlberechtige-alter-100.html\">Gastbeitrag im Deutschlandfunk<\/a>.<\/p>\n","protected":false},"excerpt":{"rendered":"<p>Im Vorfeld der Bundestagswahl habe ich mit verschiedenen Medien \u00fcber alles von Wahlbeteiligung \u00fcber taktisches W\u00e4hlen bis hin zu Social Media geredet. Zu den jeweiligen Beitr\u00e4gen kommen Sie hier: ZDF, Deutschlandfunk Kultur, BR24, Zeit online, \u201eVolle Kanne\u201c im ZDF, Stuttgarter Zeitung, rbb24, Deutschlandfunk Nova, Zeit Podcast \u201eDas Politikteil\u201c, Deutschlandfunk, Table Briefing, Standard, MDR, S\u00fcdkurier, Gastbeitrag [&hellip;]<\/p>\n","protected":false},"author":2,"featured_media":0,"comment_status":"closed","ping_status":"open","sticky":false,"template":"","format":"standard","meta":{"footnotes":""},"categories":[1],"tags":[],"class_list":["post-3621","post","type-post","status-publish","format-standard","hentry","category-allgemein"],"_links":{"self":[{"href":"https:\/\/www.thorstenfaas.de\/index.php?rest_route=\/wp\/v2\/posts\/3621","targetHints":{"allow":["GET"]}}],"collection":[{"href":"https:\/\/www.thorstenfaas.de\/index.php?rest_route=\/wp\/v2\/posts"}],"about":[{"href":"https:\/\/www.thorstenfaas.de\/index.php?rest_route=\/wp\/v2\/types\/post"}],"author":[{"embeddable":true,"href":"https:\/\/www.thorstenfaas.de\/index.php?rest_route=\/wp\/v2\/users\/2"}],"replies":[{"embeddable":true,"href":"https:\/\/www.thorstenfaas.de\/index.php?rest_route=%2Fwp%2Fv2%2Fcomments&post=3621"}],"version-history":[{"count":1,"href":"https:\/\/www.thorstenfaas.de\/index.php?rest_route=\/wp\/v2\/posts\/3621\/revisions"}],"predecessor-version":[{"id":3622,"href":"https:\/\/www.thorstenfaas.de\/index.php?rest_route=\/wp\/v2\/posts\/3621\/revisions\/3622"}],"wp:attachment":[{"href":"https:\/\/www.thorstenfaas.de\/index.php?rest_route=%2Fwp%2Fv2%2Fmedia&parent=3621"}],"wp:term":[{"taxonomy":"category","embeddable":true,"href":"https:\/\/www.thorstenfaas.de\/index.php?rest_route=%2Fwp%2Fv2%2Fcategories&post=3621"},{"taxonomy":"post_tag","embeddable":true,"href":"https:\/\/www.thorstenfaas.de\/index.php?rest_route=%2Fwp%2Fv2%2Ftags&post=3621"}],"curies":[{"name":"wp","href":"https:\/\/api.w.org\/{rel}","templated":true}]}}