{"id":3637,"date":"2023-06-02T15:24:20","date_gmt":"2023-06-02T14:24:20","guid":{"rendered":"https:\/\/www.thorstenfaas.de\/?p=3637"},"modified":"2025-05-17T15:26:22","modified_gmt":"2025-05-17T14:26:22","slug":"umfragehoch-fuer-die-afd","status":"publish","type":"post","link":"https:\/\/www.thorstenfaas.de\/?p=3637","title":{"rendered":"Umfragehoch f\u00fcr die AfD"},"content":{"rendered":"<p>Geringe Zufriedenheit mit der Arbeit der Bundesregierung, hohe Werte f\u00fcr die AfD: Der ARD-DeutschlandTrend vom 1. Juni 2023 bot viel Stoff f\u00fcr Diskussionen, u.a. im Gespr\u00e4ch mit dem <a href=\"https:\/\/www1.wdr.de\/nachrichten\/afd-umfrage-deutschlandtrend-100.html\">WDR<\/a>, im <a href=\"https:\/\/www.deutschlandfunk.de\/kippt-die-stimmung-interview-politikwissenschaftler-thorsten-faas-fu-berlin-dlf-12aa398d-100.html\">Deutschlandfunk<\/a> sowie im <a href=\"https:\/\/www.sueddeutsche.de\/politik\/podcast-nachrichten-afd-deutschlandtrend-18-prozent-umfrage-sonntagsfrage-1.5915194\">Podcast der S\u00fcddeutschen Zeitung<\/a>.<\/p>\n<p><img loading=\"lazy\" decoding=\"async\" class=\"aligncenter size-full wp-image-3638\" src=\"https:\/\/www.thorstenfaas.de\/wp-content\/uploads\/2025\/05\/sz.jpg\" alt=\"\" width=\"553\" height=\"510\" srcset=\"https:\/\/www.thorstenfaas.de\/wp-content\/uploads\/2025\/05\/sz.jpg 553w, https:\/\/www.thorstenfaas.de\/wp-content\/uploads\/2025\/05\/sz-300x277.jpg 300w\" sizes=\"auto, (max-width: 553px) 100vw, 553px\" \/><\/p>\n","protected":false},"excerpt":{"rendered":"<p>Geringe Zufriedenheit mit der Arbeit der Bundesregierung, hohe Werte f\u00fcr die AfD: Der ARD-DeutschlandTrend vom 1. Juni 2023 bot viel Stoff f\u00fcr Diskussionen, u.a. im Gespr\u00e4ch mit dem WDR, im Deutschlandfunk sowie im Podcast der S\u00fcddeutschen Zeitung.<\/p>\n","protected":false},"author":2,"featured_media":0,"comment_status":"closed","ping_status":"open","sticky":false,"template":"","format":"standard","meta":{"footnotes":""},"categories":[1],"tags":[],"class_list":["post-3637","post","type-post","status-publish","format-standard","hentry","category-allgemein"],"_links":{"self":[{"href":"https:\/\/www.thorstenfaas.de\/index.php?rest_route=\/wp\/v2\/posts\/3637","targetHints":{"allow":["GET"]}}],"collection":[{"href":"https:\/\/www.thorstenfaas.de\/index.php?rest_route=\/wp\/v2\/posts"}],"about":[{"href":"https:\/\/www.thorstenfaas.de\/index.php?rest_route=\/wp\/v2\/types\/post"}],"author":[{"embeddable":true,"href":"https:\/\/www.thorstenfaas.de\/index.php?rest_route=\/wp\/v2\/users\/2"}],"replies":[{"embeddable":true,"href":"https:\/\/www.thorstenfaas.de\/index.php?rest_route=%2Fwp%2Fv2%2Fcomments&post=3637"}],"version-history":[{"count":1,"href":"https:\/\/www.thorstenfaas.de\/index.php?rest_route=\/wp\/v2\/posts\/3637\/revisions"}],"predecessor-version":[{"id":3639,"href":"https:\/\/www.thorstenfaas.de\/index.php?rest_route=\/wp\/v2\/posts\/3637\/revisions\/3639"}],"wp:attachment":[{"href":"https:\/\/www.thorstenfaas.de\/index.php?rest_route=%2Fwp%2Fv2%2Fmedia&parent=3637"}],"wp:term":[{"taxonomy":"category","embeddable":true,"href":"https:\/\/www.thorstenfaas.de\/index.php?rest_route=%2Fwp%2Fv2%2Fcategories&post=3637"},{"taxonomy":"post_tag","embeddable":true,"href":"https:\/\/www.thorstenfaas.de\/index.php?rest_route=%2Fwp%2Fv2%2Ftags&post=3637"}],"curies":[{"name":"wp","href":"https:\/\/api.w.org\/{rel}","templated":true}]}}