{"id":556,"date":"2009-06-08T09:42:53","date_gmt":"2009-06-08T08:42:53","guid":{"rendered":"http:\/\/www.thorsten-faas.de\/?p=556"},"modified":"2009-06-08T09:42:53","modified_gmt":"2009-06-08T08:42:53","slug":"der-wahlforscher-von-seite-3-zum-ausgang-der-wahlen-im-delta","status":"publish","type":"post","link":"https:\/\/www.thorstenfaas.de\/?p=556","title":{"rendered":"Der Wahlforscher von Seite 3: Zum Ausgang der Wahlen im Delta"},"content":{"rendered":"<p><img decoding=\"async\" class=\"alignleft size-medium wp-image-557\" title=\"bild\" src=\"http:\/\/www.thorstenfaas.de\/wp-content\/uploads\/2009\/06\/bild-282x300.png\" alt=\"\" width=\"100\" srcset=\"https:\/\/www.thorstenfaas.de\/wp-content\/uploads\/2009\/06\/bild-282x300.png 282w, https:\/\/www.thorstenfaas.de\/wp-content\/uploads\/2009\/06\/bild.png 565w\" sizes=\"(max-width: 282px) 100vw, 282px\" \/>Neuer Job &#8211; Wahlforscher von Seite 3. Warum ist die Wahlbeteiligung zu niedrig? Wie kommt es zu Protestph\u00e4nomenen bei Kommunal- und Europawahlen? &#8222;BILD fragte gestern den Wahlforscher und Politikwissenschaftler Thorsten Faas von der Uni Mannheim.&#8220; Und hier ist das Ergebnis: <a href='http:\/\/www.thorstenfaas.de\/wp-content\/uploads\/2009\/06\/bild.pdf'>PDF<\/a>.<br \/>\nPS: Das &#8222;Making-Of&#8220; dazu ist zwar auch interessant, aber nur f\u00fcr pers\u00f6nliche Gespr\u00e4che geeignet. \ud83d\ude09<\/p>\n","protected":false},"excerpt":{"rendered":"<p>Neuer Job &#8211; Wahlforscher von Seite 3. Warum ist die Wahlbeteiligung zu niedrig? Wie kommt es zu Protestph\u00e4nomenen bei Kommunal- und Europawahlen? &#8222;BILD fragte gestern den Wahlforscher und Politikwissenschaftler Thorsten Faas von der Uni Mannheim.&#8220; Und hier ist das Ergebnis: PDF. PS: Das &#8222;Making-Of&#8220; dazu ist zwar auch interessant, aber nur f\u00fcr pers\u00f6nliche Gespr\u00e4che geeignet. [&hellip;]<\/p>\n","protected":false},"author":2,"featured_media":0,"comment_status":"open","ping_status":"open","sticky":false,"template":"","format":"standard","meta":{"footnotes":""},"categories":[51,62,50],"tags":[],"class_list":["post-556","post","type-post","status-publish","format-standard","hentry","category-kommunalwahlen","category-medien","category-wahlbeteiligung"],"_links":{"self":[{"href":"https:\/\/www.thorstenfaas.de\/index.php?rest_route=\/wp\/v2\/posts\/556","targetHints":{"allow":["GET"]}}],"collection":[{"href":"https:\/\/www.thorstenfaas.de\/index.php?rest_route=\/wp\/v2\/posts"}],"about":[{"href":"https:\/\/www.thorstenfaas.de\/index.php?rest_route=\/wp\/v2\/types\/post"}],"author":[{"embeddable":true,"href":"https:\/\/www.thorstenfaas.de\/index.php?rest_route=\/wp\/v2\/users\/2"}],"replies":[{"embeddable":true,"href":"https:\/\/www.thorstenfaas.de\/index.php?rest_route=%2Fwp%2Fv2%2Fcomments&post=556"}],"version-history":[{"count":0,"href":"https:\/\/www.thorstenfaas.de\/index.php?rest_route=\/wp\/v2\/posts\/556\/revisions"}],"wp:attachment":[{"href":"https:\/\/www.thorstenfaas.de\/index.php?rest_route=%2Fwp%2Fv2%2Fmedia&parent=556"}],"wp:term":[{"taxonomy":"category","embeddable":true,"href":"https:\/\/www.thorstenfaas.de\/index.php?rest_route=%2Fwp%2Fv2%2Fcategories&post=556"},{"taxonomy":"post_tag","embeddable":true,"href":"https:\/\/www.thorstenfaas.de\/index.php?rest_route=%2Fwp%2Fv2%2Ftags&post=556"}],"curies":[{"name":"wp","href":"https:\/\/api.w.org\/{rel}","templated":true}]}}