{"id":798,"date":"2009-10-05T15:20:06","date_gmt":"2009-10-05T14:20:06","guid":{"rendered":"http:\/\/www.thorstenfaas.de\/?p=798"},"modified":"2009-10-12T15:24:54","modified_gmt":"2009-10-12T14:24:54","slug":"nachlese-bundestagswahl-teil-ii","status":"publish","type":"post","link":"https:\/\/www.thorstenfaas.de\/?p=798","title":{"rendered":"Nachlese Bundestagswahl, Teil II"},"content":{"rendered":"<p><a href=\"http:\/\/www.thorstenfaas.de\/wp-content\/uploads\/2009\/10\/wahl.jpeg\"><img loading=\"lazy\" decoding=\"async\" class=\"aligncenter size-full wp-image-771\" title=\"wahl\" src=\"http:\/\/www.thorstenfaas.de\/wp-content\/uploads\/2009\/10\/wahl.jpeg\" alt=\"\" width=\"132\" height=\"74\" \/><\/a>Hier noch ein paar weitere Doks f\u00fcr das Archiv:<br \/>\n<i>Die Deutsche Welle berichtet in ihrem Angebot noch am Wahlabend \u00fcber die &#8222;Volksparteien im Abstieg&#8220; (<a href='http:\/\/www.thorstenfaas.de\/wp-content\/uploads\/2009\/10\/dwelle_volksparteien.pdf'>PDF<\/a>)<\/p>\n<p>Die S\u00fcdwest-Presse hat am 23. September ein kleines Interview mit mir gef\u00fchrt (und ver\u00f6ffentlicht), in dem es um Erstw\u00e4hler, Jungw\u00e4hler und die M\u00f6glichkeiten ihrer Mobilisierung ging (<a href='http:\/\/www.thorstenfaas.de\/wp-content\/uploads\/2009\/10\/swpwahl.pdf'>PDF<\/a>)<\/p>\n<p>In \u00e4hnlichem thematischem Kontext hat sich auch die Westf\u00e4lische Rundschau mit der Wahlbeteiligung von Erstw\u00e4hlern und Jungw\u00e4hlern besch\u00e4ftigt (<a href='http:\/\/www.thorstenfaas.de\/wp-content\/uploads\/2009\/10\/wr.pdf'>PDF<\/a>)<br \/>\n<\/i><\/p>\n","protected":false},"excerpt":{"rendered":"<p>Hier noch ein paar weitere Doks f\u00fcr das Archiv: Die Deutsche Welle berichtet in ihrem Angebot noch am Wahlabend \u00fcber die &#8222;Volksparteien im Abstieg&#8220; (PDF) Die S\u00fcdwest-Presse hat am 23. September ein kleines Interview mit mir gef\u00fchrt (und ver\u00f6ffentlicht), in dem es um Erstw\u00e4hler, Jungw\u00e4hler und die M\u00f6glichkeiten ihrer Mobilisierung ging (PDF) In \u00e4hnlichem thematischem [&hellip;]<\/p>\n","protected":false},"author":2,"featured_media":0,"comment_status":"open","ping_status":"open","sticky":false,"template":"","format":"standard","meta":{"footnotes":""},"categories":[62],"tags":[],"class_list":["post-798","post","type-post","status-publish","format-standard","hentry","category-medien"],"_links":{"self":[{"href":"https:\/\/www.thorstenfaas.de\/index.php?rest_route=\/wp\/v2\/posts\/798","targetHints":{"allow":["GET"]}}],"collection":[{"href":"https:\/\/www.thorstenfaas.de\/index.php?rest_route=\/wp\/v2\/posts"}],"about":[{"href":"https:\/\/www.thorstenfaas.de\/index.php?rest_route=\/wp\/v2\/types\/post"}],"author":[{"embeddable":true,"href":"https:\/\/www.thorstenfaas.de\/index.php?rest_route=\/wp\/v2\/users\/2"}],"replies":[{"embeddable":true,"href":"https:\/\/www.thorstenfaas.de\/index.php?rest_route=%2Fwp%2Fv2%2Fcomments&post=798"}],"version-history":[{"count":0,"href":"https:\/\/www.thorstenfaas.de\/index.php?rest_route=\/wp\/v2\/posts\/798\/revisions"}],"wp:attachment":[{"href":"https:\/\/www.thorstenfaas.de\/index.php?rest_route=%2Fwp%2Fv2%2Fmedia&parent=798"}],"wp:term":[{"taxonomy":"category","embeddable":true,"href":"https:\/\/www.thorstenfaas.de\/index.php?rest_route=%2Fwp%2Fv2%2Fcategories&post=798"},{"taxonomy":"post_tag","embeddable":true,"href":"https:\/\/www.thorstenfaas.de\/index.php?rest_route=%2Fwp%2Fv2%2Ftags&post=798"}],"curies":[{"name":"wp","href":"https:\/\/api.w.org\/{rel}","templated":true}]}}