{"id":828,"date":"2009-11-28T17:37:56","date_gmt":"2009-11-28T16:37:56","guid":{"rendered":"http:\/\/www.thorstenfaas.de\/?p=828"},"modified":"2009-11-28T18:31:21","modified_gmt":"2009-11-28T17:31:21","slug":"global-young-faculty-am-kwi","status":"publish","type":"post","link":"https:\/\/www.thorstenfaas.de\/?p=828","title":{"rendered":"Global Young Faculty am KWI"},"content":{"rendered":"<p><a href=\"http:\/\/www.thorstenfaas.de\/wp-content\/uploads\/2009\/11\/gyf.jpeg\"><img loading=\"lazy\" decoding=\"async\" class=\"alignnone size-medium wp-image-829\" title=\"gyf\" src=\"http:\/\/www.thorstenfaas.de\/wp-content\/uploads\/2009\/11\/gyf.jpeg\" alt=\"\" width=\"150\" height=\"150\" \/><\/a>Seit dem 3. November sind 100 Nachwuchswissenschaftler Mitglieder der &#8222;Global Young Faculty&#8220; (GYF) &#8211; einer Initiative am KWI unterst\u00fctzt von der Stiftung Mercator. Ziel der GYF ist es, sich in interdisziplin\u00e4rer Weise Zukunftsfragen der Gesellschaft innerhalb des n\u00e4chstes Jahres anzunehmen. Diese Themen sind Klima, Technologie, Wirtschaft, Gesundheit sowie Kultur und Gesellschaft. Die Ergebnisse werden dann in rund einem Jahr beim Kongress &#8222;Our Common Future&#8220; im November 2010 pr\u00e4sentiert. Our Common Future ist ein interdisziplin\u00e4rer Kongress f\u00fcr einen generationen\u00fcbergreifenden Dialog zu den zentralen Zukunftsfragen, der in Hannover und Essen stattfindet und von der VolkswagenStiftung, der Deutschen Messe und der Stiftung Mercator in Verbindung mit der Landeshauptstadt Hannover und RUHR.2010 veranstaltet wird. Er bildet zugleich den wissenschaftlichen Abschluss der Kulturhauptstadt Europas RUHR.2010. Ich selbst geh\u00f6re zur Arbeitsgruppe &#8222;Kultur und Gesellschaft&#8220;, wir werden uns insbesondere Fragen der Migration widmen.<\/p>\n","protected":false},"excerpt":{"rendered":"<p>Seit dem 3. November sind 100 Nachwuchswissenschaftler Mitglieder der &#8222;Global Young Faculty&#8220; (GYF) &#8211; einer Initiative am KWI unterst\u00fctzt von der Stiftung Mercator. Ziel der GYF ist es, sich in interdisziplin\u00e4rer Weise Zukunftsfragen der Gesellschaft innerhalb des n\u00e4chstes Jahres anzunehmen. Diese Themen sind Klima, Technologie, Wirtschaft, Gesundheit sowie Kultur und Gesellschaft. Die Ergebnisse werden dann [&hellip;]<\/p>\n","protected":false},"author":2,"featured_media":0,"comment_status":"open","ping_status":"open","sticky":false,"template":"","format":"standard","meta":{"footnotes":""},"categories":[9],"tags":[],"class_list":["post-828","post","type-post","status-publish","format-standard","hentry","category-zur-person"],"_links":{"self":[{"href":"https:\/\/www.thorstenfaas.de\/index.php?rest_route=\/wp\/v2\/posts\/828","targetHints":{"allow":["GET"]}}],"collection":[{"href":"https:\/\/www.thorstenfaas.de\/index.php?rest_route=\/wp\/v2\/posts"}],"about":[{"href":"https:\/\/www.thorstenfaas.de\/index.php?rest_route=\/wp\/v2\/types\/post"}],"author":[{"embeddable":true,"href":"https:\/\/www.thorstenfaas.de\/index.php?rest_route=\/wp\/v2\/users\/2"}],"replies":[{"embeddable":true,"href":"https:\/\/www.thorstenfaas.de\/index.php?rest_route=%2Fwp%2Fv2%2Fcomments&post=828"}],"version-history":[{"count":0,"href":"https:\/\/www.thorstenfaas.de\/index.php?rest_route=\/wp\/v2\/posts\/828\/revisions"}],"wp:attachment":[{"href":"https:\/\/www.thorstenfaas.de\/index.php?rest_route=%2Fwp%2Fv2%2Fmedia&parent=828"}],"wp:term":[{"taxonomy":"category","embeddable":true,"href":"https:\/\/www.thorstenfaas.de\/index.php?rest_route=%2Fwp%2Fv2%2Fcategories&post=828"},{"taxonomy":"post_tag","embeddable":true,"href":"https:\/\/www.thorstenfaas.de\/index.php?rest_route=%2Fwp%2Fv2%2Ftags&post=828"}],"curies":[{"name":"wp","href":"https:\/\/api.w.org\/{rel}","templated":true}]}}