{"id":834,"date":"2009-11-28T17:57:19","date_gmt":"2009-11-28T16:57:19","guid":{"rendered":"http:\/\/www.thorstenfaas.de\/?p=834"},"modified":"2009-12-01T12:37:05","modified_gmt":"2009-12-01T11:37:05","slug":"studiogast-beim-sr-magazin-mags","status":"publish","type":"post","link":"https:\/\/www.thorstenfaas.de\/?p=834","title":{"rendered":"Studiogast beim SR-Magazin mags"},"content":{"rendered":"<p><a href=\"http:\/\/www.thorstenfaas.de\/wp-content\/uploads\/2009\/11\/mag2.jpg\"><img loading=\"lazy\" decoding=\"async\" class=\"alignnone size-medium wp-image-846\" title=\"mag2\" src=\"http:\/\/www.thorstenfaas.de\/wp-content\/uploads\/2009\/11\/mag2-300x151.jpg\" alt=\"\" width=\"300\" height=\"151\" srcset=\"https:\/\/www.thorstenfaas.de\/wp-content\/uploads\/2009\/11\/mag2-300x151.jpg 300w, https:\/\/www.thorstenfaas.de\/wp-content\/uploads\/2009\/11\/mag2.jpg 514w\" sizes=\"auto, (max-width: 300px) 100vw, 300px\" \/><\/a>Da ich ohnehin aufgrund des <a href=\"http:\/\/www.thorstenfaas.de\/?p=836\">Vortrags zur saarl\u00e4ndischen Landtagswahl<\/a> schon in Saarbr\u00fccken weilte und es noch dazu <a href=\"http:\/\/www.uni-saarland.de\/fak5\/politikwissenschaft\/\">keine Politikwissenschaftler mehr im Saarland<\/a> gibt, war ich gleich noch als Studiogast beim SR-Magazin <a href=\"http:\/\/www.sr-online.de\/fernsehen\/984\/\">mag&#8217;s<\/a>. Thema war die Koalitionslage im Saarland zwischen Jamaika (im saarl\u00e4ndischen Landtag) und rot-rot-gr\u00fcn (in Saarbr\u00fccken).<\/p>\n","protected":false},"excerpt":{"rendered":"<p>Da ich ohnehin aufgrund des Vortrags zur saarl\u00e4ndischen Landtagswahl schon in Saarbr\u00fccken weilte und es noch dazu keine Politikwissenschaftler mehr im Saarland gibt, war ich gleich noch als Studiogast beim SR-Magazin mag&#8217;s. Thema war die Koalitionslage im Saarland zwischen Jamaika (im saarl\u00e4ndischen Landtag) und rot-rot-gr\u00fcn (in Saarbr\u00fccken).<\/p>\n","protected":false},"author":2,"featured_media":0,"comment_status":"open","ping_status":"open","sticky":false,"template":"","format":"standard","meta":{"footnotes":""},"categories":[62],"tags":[],"class_list":["post-834","post","type-post","status-publish","format-standard","hentry","category-medien"],"_links":{"self":[{"href":"https:\/\/www.thorstenfaas.de\/index.php?rest_route=\/wp\/v2\/posts\/834","targetHints":{"allow":["GET"]}}],"collection":[{"href":"https:\/\/www.thorstenfaas.de\/index.php?rest_route=\/wp\/v2\/posts"}],"about":[{"href":"https:\/\/www.thorstenfaas.de\/index.php?rest_route=\/wp\/v2\/types\/post"}],"author":[{"embeddable":true,"href":"https:\/\/www.thorstenfaas.de\/index.php?rest_route=\/wp\/v2\/users\/2"}],"replies":[{"embeddable":true,"href":"https:\/\/www.thorstenfaas.de\/index.php?rest_route=%2Fwp%2Fv2%2Fcomments&post=834"}],"version-history":[{"count":0,"href":"https:\/\/www.thorstenfaas.de\/index.php?rest_route=\/wp\/v2\/posts\/834\/revisions"}],"wp:attachment":[{"href":"https:\/\/www.thorstenfaas.de\/index.php?rest_route=%2Fwp%2Fv2%2Fmedia&parent=834"}],"wp:term":[{"taxonomy":"category","embeddable":true,"href":"https:\/\/www.thorstenfaas.de\/index.php?rest_route=%2Fwp%2Fv2%2Fcategories&post=834"},{"taxonomy":"post_tag","embeddable":true,"href":"https:\/\/www.thorstenfaas.de\/index.php?rest_route=%2Fwp%2Fv2%2Ftags&post=834"}],"curies":[{"name":"wp","href":"https:\/\/api.w.org\/{rel}","templated":true}]}}